{"id":1901,"date":"2023-07-31T15:03:22","date_gmt":"2023-07-31T15:03:22","guid":{"rendered":"https:\/\/geal.org.br\/juventude\/?p=1901"},"modified":"2023-07-31T15:03:22","modified_gmt":"2023-07-31T15:03:22","slug":"livro-de-agosto-6","status":"publish","type":"post","link":"https:\/\/geal.org.br\/juventude\/?p=1901","title":{"rendered":"LIVRO DE AGOSTO"},"content":{"rendered":"<p style=\"text-align: center;\"><strong><span style=\"color: #ff0000;\">L\u00e1zaro Redivivo<\/span><\/strong><\/p>\n<p style=\"text-align: center;\"><strong><span style=\"color: #0000ff;\">Irm\u00e3o X \u2013 psic. F.C.Xavier<\/span><\/strong><\/p>\n<p>Este \u00e9 mais um livro da cole\u00e7\u00e3o de Humberto de Campos, que passou a se cognominar \u201cIrm\u00e3o X\u201d para evitar conflitos de diretos autorais, composto de um conjunto de contos.<\/p>\n<p>Diversas das obras de sua autoria, atrav\u00e9s da psicografia de Chico Xavier, s\u00e3o dedicadas aos temas que retratam os ensinos do Evangelho de Jesus de forma mais direta, envolvendo o Cristo em suas hist\u00f3rias. Em outras, os ensinamentos evang\u00e9licos est\u00e3o impl\u00edcitos na moral crist\u00e3 de cada conto.<\/p>\n<p>Neste livro, o autor nos brinda com mensagens emocionantes e belas, \u00e0 luz do Espiritismo, as quais destacam o pensamento vivo do divino Mestre Jesus atrav\u00e9s de temas como interc\u00e2mbio espiritual, livre-arb\u00edtrio, materialismo e ressurrei\u00e7\u00e3o, etc.<\/p>\n","protected":false},"excerpt":{"rendered":"<p>L\u00e1zaro Redivivo Irm\u00e3o X \u2013 psic. F.C.Xavier Este \u00e9 mais um livro da cole\u00e7\u00e3o de Humberto de Campos, que passou a se cognominar \u201cIrm\u00e3o X\u201d para evitar conflitos de diretos autorais, composto de um conjunto de contos. Diversas das obras de sua autoria, atrav\u00e9s da psicografia de Chico Xavier, s\u00e3o dedicadas aos temas que retratam &hellip; <\/p>\n<p class=\"link-more\"><a href=\"https:\/\/geal.org.br\/juventude\/?p=1901\" class=\"more-link\">Continue lendo<span class=\"screen-reader-text\"> &#8220;LIVRO DE AGOSTO&#8221;<\/span><\/a><\/p>\n","protected":false},"author":1,"featured_media":0,"comment_status":"closed","ping_status":"open","sticky":false,"template":"","format":"standard","meta":[],"categories":[5],"tags":[],"_links":{"self":[{"href":"https:\/\/geal.org.br\/juventude\/index.php?rest_route=\/wp\/v2\/posts\/1901"}],"collection":[{"href":"https:\/\/geal.org.br\/juventude\/index.php?rest_route=\/wp\/v2\/posts"}],"about":[{"href":"https:\/\/geal.org.br\/juventude\/index.php?rest_route=\/wp\/v2\/types\/post"}],"author":[{"embeddable":true,"href":"https:\/\/geal.org.br\/juventude\/index.php?rest_route=\/wp\/v2\/users\/1"}],"replies":[{"embeddable":true,"href":"https:\/\/geal.org.br\/juventude\/index.php?rest_route=%2Fwp%2Fv2%2Fcomments&post=1901"}],"version-history":[{"count":1,"href":"https:\/\/geal.org.br\/juventude\/index.php?rest_route=\/wp\/v2\/posts\/1901\/revisions"}],"predecessor-version":[{"id":1902,"href":"https:\/\/geal.org.br\/juventude\/index.php?rest_route=\/wp\/v2\/posts\/1901\/revisions\/1902"}],"wp:attachment":[{"href":"https:\/\/geal.org.br\/juventude\/index.php?rest_route=%2Fwp%2Fv2%2Fmedia&parent=1901"}],"wp:term":[{"taxonomy":"category","embeddable":true,"href":"https:\/\/geal.org.br\/juventude\/index.php?rest_route=%2Fwp%2Fv2%2Fcategories&post=1901"},{"taxonomy":"post_tag","embeddable":true,"href":"https:\/\/geal.org.br\/juventude\/index.php?rest_route=%2Fwp%2Fv2%2Ftags&post=1901"}],"curies":[{"name":"wp","href":"https:\/\/api.w.org\/{rel}","templated":true}]}}