{"id":1912,"date":"2023-10-16T11:45:26","date_gmt":"2023-10-16T11:45:26","guid":{"rendered":"https:\/\/geal.org.br\/juventude\/?p=1912"},"modified":"2023-10-16T11:46:05","modified_gmt":"2023-10-16T11:46:05","slug":"livro-de-outubro-5","status":"publish","type":"post","link":"https:\/\/geal.org.br\/juventude\/?p=1912","title":{"rendered":"LIVRO DE OUTUBRO"},"content":{"rendered":"<p style=\"text-align: center;\"><strong><span style=\"color: #ff0000;\">Kardec \u2013 a biografia<\/span><\/strong><\/p>\n<p style=\"text-align: center;\"><span style=\"color: #0000ff;\">Marcel Souto Maior<\/span><\/p>\n<p>&nbsp;<\/p>\n<p>Nesse m\u00eas em que lembramos o nascimento do Codificador de nossa amada Doutrina Esp\u00edrita, vale conhecer algo mais de sua vida especial, cujos feitos s\u00f3 ser\u00e3o reconhecidos, por todo o mundo, em um futuro mais distante.<\/p>\n<p>Nesta biografia, elaborada pelo conhecido jornalista, desassociado de qualquer religi\u00e3o e com uma vis\u00e3o de quem pesquisou para entender: por que o fen\u00f4meno \u201cChico Xavier\u201d se tornou t\u00e3o relevante na comunidade brasileira?<\/p>\n<p>Ap\u00f3s aprofundar-se na vida desse m\u00e9dium incomum, se deparou com a filosofia de vida, que a tornou assim t\u00e3o diferente, e com o seu Codificador. N\u00e3o teve como fugir de seguir adiante na pesquisa e se deparar com a riqueza de fen\u00f4menos que a cercou e com a integridade de um pesquisador ainda mais arguto que ele pr\u00f3prio.<\/p>\n<p>Escrito de forma leve e interessante, como um bom jornalista sabe escrever, ser\u00e1 uma bela e agrad\u00e1vel experi\u00eancia que te levar\u00e1 a conhecer detalhes da vida de Kardec.<\/p>\n","protected":false},"excerpt":{"rendered":"<p>Kardec \u2013 a biografia Marcel Souto Maior &nbsp; Nesse m\u00eas em que lembramos o nascimento do Codificador de nossa amada Doutrina Esp\u00edrita, vale conhecer algo mais de sua vida especial, cujos feitos s\u00f3 ser\u00e3o reconhecidos, por todo o mundo, em um futuro mais distante. Nesta biografia, elaborada pelo conhecido jornalista, desassociado de qualquer religi\u00e3o e &hellip; <\/p>\n<p class=\"link-more\"><a href=\"https:\/\/geal.org.br\/juventude\/?p=1912\" class=\"more-link\">Continue lendo<span class=\"screen-reader-text\"> &#8220;LIVRO DE OUTUBRO&#8221;<\/span><\/a><\/p>\n","protected":false},"author":1,"featured_media":0,"comment_status":"closed","ping_status":"open","sticky":false,"template":"","format":"standard","meta":[],"categories":[5],"tags":[],"_links":{"self":[{"href":"https:\/\/geal.org.br\/juventude\/index.php?rest_route=\/wp\/v2\/posts\/1912"}],"collection":[{"href":"https:\/\/geal.org.br\/juventude\/index.php?rest_route=\/wp\/v2\/posts"}],"about":[{"href":"https:\/\/geal.org.br\/juventude\/index.php?rest_route=\/wp\/v2\/types\/post"}],"author":[{"embeddable":true,"href":"https:\/\/geal.org.br\/juventude\/index.php?rest_route=\/wp\/v2\/users\/1"}],"replies":[{"embeddable":true,"href":"https:\/\/geal.org.br\/juventude\/index.php?rest_route=%2Fwp%2Fv2%2Fcomments&post=1912"}],"version-history":[{"count":1,"href":"https:\/\/geal.org.br\/juventude\/index.php?rest_route=\/wp\/v2\/posts\/1912\/revisions"}],"predecessor-version":[{"id":1913,"href":"https:\/\/geal.org.br\/juventude\/index.php?rest_route=\/wp\/v2\/posts\/1912\/revisions\/1913"}],"wp:attachment":[{"href":"https:\/\/geal.org.br\/juventude\/index.php?rest_route=%2Fwp%2Fv2%2Fmedia&parent=1912"}],"wp:term":[{"taxonomy":"category","embeddable":true,"href":"https:\/\/geal.org.br\/juventude\/index.php?rest_route=%2Fwp%2Fv2%2Fcategories&post=1912"},{"taxonomy":"post_tag","embeddable":true,"href":"https:\/\/geal.org.br\/juventude\/index.php?rest_route=%2Fwp%2Fv2%2Ftags&post=1912"}],"curies":[{"name":"wp","href":"https:\/\/api.w.org\/{rel}","templated":true}]}}