{"id":1932,"date":"2023-12-01T20:13:50","date_gmt":"2023-12-01T20:13:50","guid":{"rendered":"https:\/\/geal.org.br\/juventude\/?p=1932"},"modified":"2023-12-01T20:13:50","modified_gmt":"2023-12-01T20:13:50","slug":"xxxiii-comemorar-qual-a-rede-que-te-prende","status":"publish","type":"post","link":"https:\/\/geal.org.br\/juventude\/?p=1932","title":{"rendered":"XXXIII COMEMORAR &#8211; Qual a rede que te prende?"},"content":{"rendered":"<p><img loading=\"lazy\" class=\"alignnone size-medium wp-image-1919\" src=\"https:\/\/geal.org.br\/juventude\/wp-content\/uploads\/Cartaz_2023-212x300.jpeg\" alt=\"\" width=\"212\" height=\"300\" srcset=\"https:\/\/geal.org.br\/juventude\/wp-content\/uploads\/Cartaz_2023-212x300.jpeg 212w, https:\/\/geal.org.br\/juventude\/wp-content\/uploads\/Cartaz_2023.jpeg 707w\" sizes=\"(max-width: 212px) 100vw, 212px\" \/><\/p>\n<p>Jovens at\u00e9 30 anos, venham participar do XXXIII COMEMORAR onde iremos discutir os temas atuais sobre nossa rela\u00e7\u00e3o com as redes sociais com o tema: \u201cQual a rede que te prende?\u201d<\/p>\n<p>Ser\u00e1 no s\u00e1bado dia 09 de dezembro de 14h30 \u00e0s 17h30.<\/p>\n<p>Inscri\u00e7\u00f5es pelo email: jeag@geal.org.br<\/p>\n","protected":false},"excerpt":{"rendered":"<p>Jovens at\u00e9 30 anos, venham participar do XXXIII COMEMORAR onde iremos discutir os temas atuais sobre nossa rela\u00e7\u00e3o com as redes sociais com o tema: \u201cQual a rede que te prende?\u201d Ser\u00e1 no s\u00e1bado dia 09 de dezembro de 14h30 \u00e0s 17h30. Inscri\u00e7\u00f5es pelo email: jeag@geal.org.br<\/p>\n","protected":false},"author":1,"featured_media":0,"comment_status":"closed","ping_status":"open","sticky":false,"template":"","format":"standard","meta":[],"categories":[5],"tags":[],"_links":{"self":[{"href":"https:\/\/geal.org.br\/juventude\/index.php?rest_route=\/wp\/v2\/posts\/1932"}],"collection":[{"href":"https:\/\/geal.org.br\/juventude\/index.php?rest_route=\/wp\/v2\/posts"}],"about":[{"href":"https:\/\/geal.org.br\/juventude\/index.php?rest_route=\/wp\/v2\/types\/post"}],"author":[{"embeddable":true,"href":"https:\/\/geal.org.br\/juventude\/index.php?rest_route=\/wp\/v2\/users\/1"}],"replies":[{"embeddable":true,"href":"https:\/\/geal.org.br\/juventude\/index.php?rest_route=%2Fwp%2Fv2%2Fcomments&post=1932"}],"version-history":[{"count":1,"href":"https:\/\/geal.org.br\/juventude\/index.php?rest_route=\/wp\/v2\/posts\/1932\/revisions"}],"predecessor-version":[{"id":1933,"href":"https:\/\/geal.org.br\/juventude\/index.php?rest_route=\/wp\/v2\/posts\/1932\/revisions\/1933"}],"wp:attachment":[{"href":"https:\/\/geal.org.br\/juventude\/index.php?rest_route=%2Fwp%2Fv2%2Fmedia&parent=1932"}],"wp:term":[{"taxonomy":"category","embeddable":true,"href":"https:\/\/geal.org.br\/juventude\/index.php?rest_route=%2Fwp%2Fv2%2Fcategories&post=1932"},{"taxonomy":"post_tag","embeddable":true,"href":"https:\/\/geal.org.br\/juventude\/index.php?rest_route=%2Fwp%2Fv2%2Ftags&post=1932"}],"curies":[{"name":"wp","href":"https:\/\/api.w.org\/{rel}","templated":true}]}}