{"id":1936,"date":"2024-01-19T15:08:53","date_gmt":"2024-01-19T15:08:53","guid":{"rendered":"https:\/\/geal.org.br\/juventude\/?p=1936"},"modified":"2024-01-19T15:18:25","modified_gmt":"2024-01-19T15:18:25","slug":"livro-de-janeiro-5","status":"publish","type":"post","link":"https:\/\/geal.org.br\/juventude\/?p=1936","title":{"rendered":"LIVRO DE JANEIRO"},"content":{"rendered":"<p style=\"text-align: center;\"><strong><span style=\"color: #003366;\">O Jovem Esp\u00edrita Quer Saber<\/span><\/strong><\/p>\n<p style=\"text-align: center;\"><strong><span style=\"color: #003366;\">Diversos autores<\/span><\/strong><\/p>\n<p style=\"text-align: left;\">A elabora\u00e7\u00e3o deste livro envolveu diversas Mocidades<br \/>\nEsp\u00edritas do Estado do Rio de Janeiro, questionando sobre<br \/>\ntemas atuais, que envolvem diretamente os jovens; como<br \/>\nt a m b \u00e9 m\u00a0 2 5 escritores , reconhecidamente competentes<br \/>\ne com uma folha de servi\u00e7os ao Movimento Esp\u00edrita,<br \/>\nrespondendo a esses mesmos questionamentos.<\/p>\n","protected":false},"excerpt":{"rendered":"<p>O Jovem Esp\u00edrita Quer Saber Diversos autores A elabora\u00e7\u00e3o deste livro envolveu diversas Mocidades Esp\u00edritas do Estado do Rio de Janeiro, questionando sobre temas atuais, que envolvem diretamente os jovens; como t a m b \u00e9 m\u00a0 2 5 escritores , reconhecidamente competentes e com uma folha de servi\u00e7os ao Movimento Esp\u00edrita, respondendo a esses &hellip; <\/p>\n<p class=\"link-more\"><a href=\"https:\/\/geal.org.br\/juventude\/?p=1936\" class=\"more-link\">Continue lendo<span class=\"screen-reader-text\"> &#8220;LIVRO DE JANEIRO&#8221;<\/span><\/a><\/p>\n","protected":false},"author":2,"featured_media":0,"comment_status":"closed","ping_status":"open","sticky":false,"template":"","format":"standard","meta":[],"categories":[5],"tags":[],"_links":{"self":[{"href":"https:\/\/geal.org.br\/juventude\/index.php?rest_route=\/wp\/v2\/posts\/1936"}],"collection":[{"href":"https:\/\/geal.org.br\/juventude\/index.php?rest_route=\/wp\/v2\/posts"}],"about":[{"href":"https:\/\/geal.org.br\/juventude\/index.php?rest_route=\/wp\/v2\/types\/post"}],"author":[{"embeddable":true,"href":"https:\/\/geal.org.br\/juventude\/index.php?rest_route=\/wp\/v2\/users\/2"}],"replies":[{"embeddable":true,"href":"https:\/\/geal.org.br\/juventude\/index.php?rest_route=%2Fwp%2Fv2%2Fcomments&post=1936"}],"version-history":[{"count":7,"href":"https:\/\/geal.org.br\/juventude\/index.php?rest_route=\/wp\/v2\/posts\/1936\/revisions"}],"predecessor-version":[{"id":1946,"href":"https:\/\/geal.org.br\/juventude\/index.php?rest_route=\/wp\/v2\/posts\/1936\/revisions\/1946"}],"wp:attachment":[{"href":"https:\/\/geal.org.br\/juventude\/index.php?rest_route=%2Fwp%2Fv2%2Fmedia&parent=1936"}],"wp:term":[{"taxonomy":"category","embeddable":true,"href":"https:\/\/geal.org.br\/juventude\/index.php?rest_route=%2Fwp%2Fv2%2Fcategories&post=1936"},{"taxonomy":"post_tag","embeddable":true,"href":"https:\/\/geal.org.br\/juventude\/index.php?rest_route=%2Fwp%2Fv2%2Ftags&post=1936"}],"curies":[{"name":"wp","href":"https:\/\/api.w.org\/{rel}","templated":true}]}}