{"id":1959,"date":"2024-02-19T20:03:53","date_gmt":"2024-02-19T20:03:53","guid":{"rendered":"https:\/\/geal.org.br\/juventude\/?p=1959"},"modified":"2024-02-19T20:03:53","modified_gmt":"2024-02-19T20:03:53","slug":"fevereiro-carnaval","status":"publish","type":"post","link":"https:\/\/geal.org.br\/juventude\/?p=1959","title":{"rendered":"FEVEREIRO &#8211; CARNAVAL"},"content":{"rendered":"<p>O melhor do Carnaval &#8211; Cidad\u00e3o do Universo (v\u00eddeo da FEBtv)<\/p>\n<p>Mais uma vez chegando o carnaval, essa \u00e9poca do ano que costuma mexer com os \u00e2nimos da galera. Agitar as coisas, mudar a rotina e tudo mais, com respeito, claro, sempre. Voc\u00ea pode estar pensando em pular o carnaval em uma festa qualquer, sair sem ter hora para voltar, nessas coisas, voc\u00ea \u00e9 livre para isso. Eu s\u00f3 sugiro que voc\u00ea reflita sobre as suas companhias, em um ambiente espiritual no qual voc\u00ea est\u00e1 se envolvendo. Se voc\u00ea est\u00e1 na d\u00favida, d\u00e1 uma olhadinha na obra &#8220;Nas Fronteiras da Loucura&#8221;, de Manoel Philomeno de Miranda, pela mediunidade de Divaldo Franco, que trata dos bastidores espirituais de um carnaval. Ent\u00e3o, se voc\u00ea tem d\u00favida, vamos sanar essa d\u00favida estudando. Mas se voc\u00ea, assim como eu, est\u00e1 procurando alguma forma mais criativa de aproveitar essa data, se liga nas dicas:<br \/>\nOp\u00e7\u00e3o 1: re\u00fana sua fam\u00edlia, a galera que voc\u00ea gosta, e fa\u00e7a o seu retiro. D\u00ea uma viajada, sabe? Use esse tempo para ficar junto, colocar o assunto em dia.<br \/>\nOp\u00e7\u00e3o 2: descanse, d\u00ea uma mudada na sua rotina de correria do dia a dia. Aproveite o feriado, durma no hor\u00e1rio, acorde bem naturalmente, sem despertador. O repouso tamb\u00e9m \u00e9 uma lei da vida.<br \/>\nOp\u00e7\u00e3o 3: coloque a leitura em dia. Voc\u00ea pode escolher entre Allan Kardec, Harry Potter, Manoel Philomeno de Miranda, ou at\u00e9 os quadrinhos da Marvel.<br \/>\nOp\u00e7\u00e3o 4: participe de um evento esp\u00edrita. S\u00e3o muitas as op\u00e7\u00f5es em todo o pa\u00eds, como a Comemora\u00e7\u00e3o das Mocidades Esp\u00edritas do Estado do Rio de Janeiro (Comeerj). Talvez essa op\u00e7\u00e3o seja a mais completa. No evento esp\u00edrita tem fam\u00edlia, tem galera, tem leitura, tem descanso e tudo mais.<br \/>\nO importante \u00e9 aproveitar de forma saud\u00e1vel e verdadeiramente produtiva. Ser um cidad\u00e3o do universo, aproveitar todas as oportunidades ao nosso redor, incluindo os feriados, para construir a nossa felicidade.<br \/>\nTexto adaptado do v\u00eddeo dispon\u00edvel em: https:\/\/www.youtube.com\/watch?v=BYKG-lP5LR4<\/p>\n","protected":false},"excerpt":{"rendered":"<p>O melhor do Carnaval &#8211; Cidad\u00e3o do Universo (v\u00eddeo da FEBtv) Mais uma vez chegando o carnaval, essa \u00e9poca do ano que costuma mexer com os \u00e2nimos da galera. Agitar as coisas, mudar a rotina e tudo mais, com respeito, claro, sempre. Voc\u00ea pode estar pensando em pular o carnaval em uma festa qualquer, sair &hellip; <\/p>\n<p class=\"link-more\"><a href=\"https:\/\/geal.org.br\/juventude\/?p=1959\" class=\"more-link\">Continue lendo<span class=\"screen-reader-text\"> &#8220;FEVEREIRO &#8211; CARNAVAL&#8221;<\/span><\/a><\/p>\n","protected":false},"author":2,"featured_media":0,"comment_status":"closed","ping_status":"open","sticky":false,"template":"","format":"standard","meta":[],"categories":[5],"tags":[],"_links":{"self":[{"href":"https:\/\/geal.org.br\/juventude\/index.php?rest_route=\/wp\/v2\/posts\/1959"}],"collection":[{"href":"https:\/\/geal.org.br\/juventude\/index.php?rest_route=\/wp\/v2\/posts"}],"about":[{"href":"https:\/\/geal.org.br\/juventude\/index.php?rest_route=\/wp\/v2\/types\/post"}],"author":[{"embeddable":true,"href":"https:\/\/geal.org.br\/juventude\/index.php?rest_route=\/wp\/v2\/users\/2"}],"replies":[{"embeddable":true,"href":"https:\/\/geal.org.br\/juventude\/index.php?rest_route=%2Fwp%2Fv2%2Fcomments&post=1959"}],"version-history":[{"count":1,"href":"https:\/\/geal.org.br\/juventude\/index.php?rest_route=\/wp\/v2\/posts\/1959\/revisions"}],"predecessor-version":[{"id":1960,"href":"https:\/\/geal.org.br\/juventude\/index.php?rest_route=\/wp\/v2\/posts\/1959\/revisions\/1960"}],"wp:attachment":[{"href":"https:\/\/geal.org.br\/juventude\/index.php?rest_route=%2Fwp%2Fv2%2Fmedia&parent=1959"}],"wp:term":[{"taxonomy":"category","embeddable":true,"href":"https:\/\/geal.org.br\/juventude\/index.php?rest_route=%2Fwp%2Fv2%2Fcategories&post=1959"},{"taxonomy":"post_tag","embeddable":true,"href":"https:\/\/geal.org.br\/juventude\/index.php?rest_route=%2Fwp%2Fv2%2Ftags&post=1959"}],"curies":[{"name":"wp","href":"https:\/\/api.w.org\/{rel}","templated":true}]}}