{"id":1963,"date":"2024-03-01T14:13:31","date_gmt":"2024-03-01T14:13:31","guid":{"rendered":"https:\/\/geal.org.br\/juventude\/?p=1963"},"modified":"2024-03-01T14:16:15","modified_gmt":"2024-03-01T14:16:15","slug":"marco-bullying","status":"publish","type":"post","link":"https:\/\/geal.org.br\/juventude\/?p=1963","title":{"rendered":"MAR\u00c7O &#8211; BULLYING"},"content":{"rendered":"<p>&nbsp;<\/p>\n<p style=\"text-align: center;\">O que \u00e9 bullying? Do ingl\u00eas bully, que quer dizer valent\u00e3o,<br \/>\nbrig\u00e3o. Bullying caracteriza-se por agress\u00f5es intencionais, verbais<br \/>\nou f\u00edsicas, amea\u00e7as, tirania, opress\u00e3o, intimida\u00e7\u00e3o, humilha\u00e7\u00e3o e<br \/>\nmaltrato. Pode ocorrer entre pessoas ou grupos, apresentando-se<br \/>\nde maneira repetitiva e onde h\u00e1 desequil\u00edbrio de poder entre as<br \/>\npartes envolvidas, ass\u00e9dio moral manifesto, como sobrepujan\u00e7a<br \/>\ndo mais forte sobre o mais fraco. &#8220;Eu, por\u00e9m, vos digo que<br \/>\nqualquer que, sem motivo, se encolerizar contra seu irm\u00e3o, ser\u00e1<br \/>\nr\u00e9u de ju\u00edzo.&#8221; (Mt, 5:2) A pr\u00e1tica do bullying \u00e9 uma demonstra\u00e7\u00e3o<br \/>\nde falta de desenvolvimento de senso moral? Em O Livro dos<br \/>\nEsp\u00edritos, quest\u00e3o 754, os esp\u00edritos nos esclarecem com a<br \/>\nresposta &#8220;Dize que o senso moral n\u00e3o est\u00e1 desenvolvido, mas<br \/>\nn\u00e3o que ele est\u00e1 ausente, ele existe, em princ\u00edpio, em todos os<br \/>\nhomens&#8221;. Diante da resposta dada pelos Esp\u00edritos, podemos<br \/>\nentender que existem circunst\u00e2ncias que est\u00e3o ligadas ao<br \/>\ndesenvolvimento do senso moral de todos os envolvidos e que<br \/>\nfavorecem que o fen\u00f4meno bullying ocorra. Desconhecimento da<br \/>\nvida espiritual, materialismo, pouca ou nenhuma base religiosa,<br \/>\nbem como aus\u00eancia de \u00e9tica que norteia as a\u00e7\u00f5es destes, podem<br \/>\nser fatores determinantes de atraso do senso moral, muito<br \/>\nembora saibamos que ele est\u00e1 latente em cada um. Assim, \u00e9<br \/>\nevidente o atraso do senso moral naqueles envolvidos no bullying.<br \/>\n\u00c9 necess\u00e1rio observar que nada ocorre sem uma raz\u00e3o de ser, ou<br \/>\nseja, a todos n\u00f3s \u00e9 dada a chance de aprender e evoluir. Deus \u00e9<br \/>\njusto e bom e a todos oferece oportunidades de crescimento. (&#8230;)<br \/>\nComo lidar com o bullying virtual? Cyberbullying ou &#8220;viol\u00eancia<br \/>\nvirtual&#8221; ocorre na internet e no celular, onde mensagens com<br \/>\nimagens e coment\u00e1rios depreciativos se alastram rapidamente e<br \/>\ntornam o bullying mais perverso. Os agressores escondem-se<br \/>\natrav\u00e9s de um perfil diferente ou agindo anonimamente,<br \/>\nacreditam que suas a\u00e7\u00f5es n\u00e3o ser\u00e3o descobertas. A v\u00edtima fica<br \/>\nsem saber de quem ou de onde vem a agress\u00e3o, passando a viver<br \/>\namedrontada e, na maioria dos casos, adoece. \u00c9 preciso ter o<br \/>\nmesmo di\u00e1logo do bullying &#8211; aberto e esclarecedor &#8211;<br \/>\nconscientizando de que existem leis que est\u00e3o vigorando,\u00a0que resguardam as v\u00edtimas e responsabilizam os agressores. N\u00e3o h\u00e1 como<br \/>\nsair ileso do ponto de vista legal, nem do afetivo e muito menos do espiritual, pois que marcas ficar\u00e3o sob a forma de consequ\u00eancias para a exist\u00eancia e tamb\u00e9m na alma, at\u00e9 que o amor seja o \u00fanico caminho. \u00c9 preciso limitar a divulga\u00e7\u00e3o de dados pessoais nos sites de relacionamento,<br \/>\ndiminuir o tempo em que se fica conectado e ser criterioso com os conte\u00fados acessados.<br \/>\nTornar-se cr\u00edtico e preservar sua privacidade.<br \/>\nA sintonia que se estabelece \u00e9 adoecedora,<br \/>\nainda que o que ocorra n\u00e3o esteja revelado,<br \/>\naberto. Mas \u00e9 evid\u00eancia de crueldade e<br \/>\nsatisfa\u00e7\u00e3o com o sofrimento alheio.<br \/>\nIgualmente \u00e0s outras quest\u00f5es da vida,<br \/>\nestaremos em desequil\u00edbrio com as leis<br \/>\ndivinas. Precisaremos reencarnar para<br \/>\naprender at\u00e9 que o equil\u00edbrio se reinstale. No<br \/>\ncyberbullying n\u00e3o \u00e9 diferente, encarna\u00e7\u00e3o<br \/>\nap\u00f3s encarna\u00e7\u00e3o at\u00e9 que a sintonia seja a do<br \/>\nperd\u00e3o e do amor.<\/p>\n<p style=\"text-align: center;\">Texto de Rosaura Maria D\u00b4Angelo<\/p>\n","protected":false},"excerpt":{"rendered":"<p>&nbsp; O que \u00e9 bullying? Do ingl\u00eas bully, que quer dizer valent\u00e3o, brig\u00e3o. Bullying caracteriza-se por agress\u00f5es intencionais, verbais ou f\u00edsicas, amea\u00e7as, tirania, opress\u00e3o, intimida\u00e7\u00e3o, humilha\u00e7\u00e3o e maltrato. Pode ocorrer entre pessoas ou grupos, apresentando-se de maneira repetitiva e onde h\u00e1 desequil\u00edbrio de poder entre as partes envolvidas, ass\u00e9dio moral manifesto, como sobrepujan\u00e7a do mais &hellip; <\/p>\n<p class=\"link-more\"><a href=\"https:\/\/geal.org.br\/juventude\/?p=1963\" class=\"more-link\">Continue lendo<span class=\"screen-reader-text\"> &#8220;MAR\u00c7O &#8211; BULLYING&#8221;<\/span><\/a><\/p>\n","protected":false},"author":2,"featured_media":0,"comment_status":"closed","ping_status":"open","sticky":false,"template":"","format":"standard","meta":[],"categories":[5],"tags":[],"_links":{"self":[{"href":"https:\/\/geal.org.br\/juventude\/index.php?rest_route=\/wp\/v2\/posts\/1963"}],"collection":[{"href":"https:\/\/geal.org.br\/juventude\/index.php?rest_route=\/wp\/v2\/posts"}],"about":[{"href":"https:\/\/geal.org.br\/juventude\/index.php?rest_route=\/wp\/v2\/types\/post"}],"author":[{"embeddable":true,"href":"https:\/\/geal.org.br\/juventude\/index.php?rest_route=\/wp\/v2\/users\/2"}],"replies":[{"embeddable":true,"href":"https:\/\/geal.org.br\/juventude\/index.php?rest_route=%2Fwp%2Fv2%2Fcomments&post=1963"}],"version-history":[{"count":4,"href":"https:\/\/geal.org.br\/juventude\/index.php?rest_route=\/wp\/v2\/posts\/1963\/revisions"}],"predecessor-version":[{"id":1967,"href":"https:\/\/geal.org.br\/juventude\/index.php?rest_route=\/wp\/v2\/posts\/1963\/revisions\/1967"}],"wp:attachment":[{"href":"https:\/\/geal.org.br\/juventude\/index.php?rest_route=%2Fwp%2Fv2%2Fmedia&parent=1963"}],"wp:term":[{"taxonomy":"category","embeddable":true,"href":"https:\/\/geal.org.br\/juventude\/index.php?rest_route=%2Fwp%2Fv2%2Fcategories&post=1963"},{"taxonomy":"post_tag","embeddable":true,"href":"https:\/\/geal.org.br\/juventude\/index.php?rest_route=%2Fwp%2Fv2%2Ftags&post=1963"}],"curies":[{"name":"wp","href":"https:\/\/api.w.org\/{rel}","templated":true}]}}