{"id":1996,"date":"2024-05-01T06:00:01","date_gmt":"2024-05-01T06:00:01","guid":{"rendered":"https:\/\/geal.org.br\/juventude\/?p=1996"},"modified":"2024-05-03T19:35:20","modified_gmt":"2024-05-03T19:35:20","slug":"qual-o-limite-de-uso-da-internet-para-as-nossas-vidas","status":"publish","type":"post","link":"https:\/\/geal.org.br\/juventude\/?p=1996","title":{"rendered":"MAIO &#8211; Qual o limite de uso da internet para as nossas vidas?"},"content":{"rendered":"<p style=\"text-align: center;\">Estabelercer limites \u00e9 uma quest\u00e3o muito interessante.<br \/>\nNossas vidas apresentam v\u00e1rias frentes de trabalho que requisitam nossa aten\u00e7\u00e3o a todo instante. Fam\u00edlia, profiss\u00e3o, sa\u00fade, qualifica\u00e7\u00e3o pessoal, espiritualiza\u00e7\u00e3o, enfim, na encarna\u00e7\u00e3o temos que atuar em dire\u00e7\u00f5es variadas e podemos utilizar a internet como um instrumento valioso.<br \/>\nO limite do razo\u00e1vel ser\u00e1 ultrapassado quando utilizarmos a internet por um per\u00edodo de tempo que comece a prejudicar outros caminhos que precisamos trilhar em nossa vida e que estejam a exigir nossa aten\u00e7\u00e3o e esfor\u00e7o.<br \/>\nSe passamos a n\u00e3o dar as respostas que a nossa profiss\u00e3o exige de n\u00f3s, se deixarmos de interagir com nossos familiares, se prejudicarmos a nossa sa\u00fade, tudo isso em fun\u00e7\u00e3o do tempo excessivo que dedicamos \u00e3 internet, certamente precisaremos estabelecer, com urg\u00eancia, um limite ao seu uso. Nesse caso, o bom senso \u00e9 um crit\u00e9rio que pode ser usado sem<br \/>\ncontraindica\u00e7\u00f5es!<\/p>\n<p>Livro: O que o Jovem Esp\u00edrita quer Saber Cap\u00edtulo: A Internet, o jovem e a globaliza\u00e7\u00e3o. Por Marcelo Badar\u00f3 Duarte.<\/p>\n","protected":false},"excerpt":{"rendered":"<p>Estabelercer limites \u00e9 uma quest\u00e3o muito interessante. Nossas vidas apresentam v\u00e1rias frentes de trabalho que requisitam nossa aten\u00e7\u00e3o a todo instante. Fam\u00edlia, profiss\u00e3o, sa\u00fade, qualifica\u00e7\u00e3o pessoal, espiritualiza\u00e7\u00e3o, enfim, na encarna\u00e7\u00e3o temos que atuar em dire\u00e7\u00f5es variadas e podemos utilizar a internet como um instrumento valioso. O limite do razo\u00e1vel ser\u00e1 ultrapassado quando utilizarmos a internet &hellip; <\/p>\n<p class=\"link-more\"><a href=\"https:\/\/geal.org.br\/juventude\/?p=1996\" class=\"more-link\">Continue lendo<span class=\"screen-reader-text\"> &#8220;MAIO &#8211; Qual o limite de uso da internet para as nossas vidas?&#8221;<\/span><\/a><\/p>\n","protected":false},"author":2,"featured_media":0,"comment_status":"closed","ping_status":"open","sticky":false,"template":"","format":"standard","meta":[],"categories":[5],"tags":[],"_links":{"self":[{"href":"https:\/\/geal.org.br\/juventude\/index.php?rest_route=\/wp\/v2\/posts\/1996"}],"collection":[{"href":"https:\/\/geal.org.br\/juventude\/index.php?rest_route=\/wp\/v2\/posts"}],"about":[{"href":"https:\/\/geal.org.br\/juventude\/index.php?rest_route=\/wp\/v2\/types\/post"}],"author":[{"embeddable":true,"href":"https:\/\/geal.org.br\/juventude\/index.php?rest_route=\/wp\/v2\/users\/2"}],"replies":[{"embeddable":true,"href":"https:\/\/geal.org.br\/juventude\/index.php?rest_route=%2Fwp%2Fv2%2Fcomments&post=1996"}],"version-history":[{"count":4,"href":"https:\/\/geal.org.br\/juventude\/index.php?rest_route=\/wp\/v2\/posts\/1996\/revisions"}],"predecessor-version":[{"id":2005,"href":"https:\/\/geal.org.br\/juventude\/index.php?rest_route=\/wp\/v2\/posts\/1996\/revisions\/2005"}],"wp:attachment":[{"href":"https:\/\/geal.org.br\/juventude\/index.php?rest_route=%2Fwp%2Fv2%2Fmedia&parent=1996"}],"wp:term":[{"taxonomy":"category","embeddable":true,"href":"https:\/\/geal.org.br\/juventude\/index.php?rest_route=%2Fwp%2Fv2%2Fcategories&post=1996"},{"taxonomy":"post_tag","embeddable":true,"href":"https:\/\/geal.org.br\/juventude\/index.php?rest_route=%2Fwp%2Fv2%2Ftags&post=1996"}],"curies":[{"name":"wp","href":"https:\/\/api.w.org\/{rel}","templated":true}]}}