{"id":2022,"date":"2024-06-01T04:00:50","date_gmt":"2024-06-01T04:00:50","guid":{"rendered":"https:\/\/geal.org.br\/juventude\/?p=2022"},"modified":"2024-05-26T18:22:42","modified_gmt":"2024-05-26T18:22:42","slug":"musica-sou-mais-familia","status":"publish","type":"post","link":"https:\/\/geal.org.br\/juventude\/?p=2022","title":{"rendered":"M\u00fasica: &#8220;Sou Mais Fam\u00edlia&#8221;"},"content":{"rendered":"<p>Tema do 36\u00ba Encontro de Mocidades Esp\u00edritas do Esp\u00edrito Santo<br \/>\nComposi\u00e7\u00e3o: Andr\u00e9 Pirola<br \/>\nInterpreta\u00e7\u00e3o: Equipe de M\u00fasica Dij\/Feees<br \/>\nPara ouvir a m\u00fasica aponte a c\u00e2mera para o QR Code abaixo ou acesse o link: https:\/\/soundcloud.com\/equipeumsom\/soumaisfamilia<\/p>\n<p>&nbsp;<\/p>\n<p><a href=\"https:\/\/geal.org.br\/juventude\/wp-content\/uploads\/WhatsApp-Image-2024-05-26-at-09.14.37-1.jpeg\"><img loading=\"lazy\" class=\"aligncenter size-full wp-image-2019\" src=\"https:\/\/geal.org.br\/juventude\/wp-content\/uploads\/WhatsApp-Image-2024-05-26-at-09.14.37-1.jpeg\" alt=\"\" width=\"1079\" height=\"970\" srcset=\"https:\/\/geal.org.br\/juventude\/wp-content\/uploads\/WhatsApp-Image-2024-05-26-at-09.14.37-1.jpeg 1079w, https:\/\/geal.org.br\/juventude\/wp-content\/uploads\/WhatsApp-Image-2024-05-26-at-09.14.37-1-300x270.jpeg 300w, https:\/\/geal.org.br\/juventude\/wp-content\/uploads\/WhatsApp-Image-2024-05-26-at-09.14.37-1-1024x921.jpeg 1024w, https:\/\/geal.org.br\/juventude\/wp-content\/uploads\/WhatsApp-Image-2024-05-26-at-09.14.37-1-768x690.jpeg 768w\" sizes=\"(max-width: 767px) 89vw, (max-width: 1000px) 54vw, (max-width: 1071px) 543px, 580px\" \/><\/a><\/p>\n","protected":false},"excerpt":{"rendered":"<p>Tema do 36\u00ba Encontro de Mocidades Esp\u00edritas do Esp\u00edrito Santo Composi\u00e7\u00e3o: Andr\u00e9 Pirola Interpreta\u00e7\u00e3o: Equipe de M\u00fasica Dij\/Feees Para ouvir a m\u00fasica aponte a c\u00e2mera para o QR Code abaixo ou acesse o link: https:\/\/soundcloud.com\/equipeumsom\/soumaisfamilia &nbsp;<\/p>\n","protected":false},"author":2,"featured_media":0,"comment_status":"closed","ping_status":"open","sticky":false,"template":"","format":"standard","meta":[],"categories":[5],"tags":[],"_links":{"self":[{"href":"https:\/\/geal.org.br\/juventude\/index.php?rest_route=\/wp\/v2\/posts\/2022"}],"collection":[{"href":"https:\/\/geal.org.br\/juventude\/index.php?rest_route=\/wp\/v2\/posts"}],"about":[{"href":"https:\/\/geal.org.br\/juventude\/index.php?rest_route=\/wp\/v2\/types\/post"}],"author":[{"embeddable":true,"href":"https:\/\/geal.org.br\/juventude\/index.php?rest_route=\/wp\/v2\/users\/2"}],"replies":[{"embeddable":true,"href":"https:\/\/geal.org.br\/juventude\/index.php?rest_route=%2Fwp%2Fv2%2Fcomments&post=2022"}],"version-history":[{"count":1,"href":"https:\/\/geal.org.br\/juventude\/index.php?rest_route=\/wp\/v2\/posts\/2022\/revisions"}],"predecessor-version":[{"id":2023,"href":"https:\/\/geal.org.br\/juventude\/index.php?rest_route=\/wp\/v2\/posts\/2022\/revisions\/2023"}],"wp:attachment":[{"href":"https:\/\/geal.org.br\/juventude\/index.php?rest_route=%2Fwp%2Fv2%2Fmedia&parent=2022"}],"wp:term":[{"taxonomy":"category","embeddable":true,"href":"https:\/\/geal.org.br\/juventude\/index.php?rest_route=%2Fwp%2Fv2%2Fcategories&post=2022"},{"taxonomy":"post_tag","embeddable":true,"href":"https:\/\/geal.org.br\/juventude\/index.php?rest_route=%2Fwp%2Fv2%2Ftags&post=2022"}],"curies":[{"name":"wp","href":"https:\/\/api.w.org\/{rel}","templated":true}]}}