{"id":2025,"date":"2024-06-01T04:00:31","date_gmt":"2024-06-01T04:00:31","guid":{"rendered":"https:\/\/geal.org.br\/juventude\/?p=2025"},"modified":"2024-05-26T18:56:27","modified_gmt":"2024-05-26T18:56:27","slug":"festa-junina-abrigo-teresa-de-jesus","status":"publish","type":"post","link":"https:\/\/geal.org.br\/juventude\/?p=2025","title":{"rendered":"Festa Junina Abrigo Teresa de Jesus"},"content":{"rendered":"<p>Mais uma vez a Juventude Esp\u00edrita Abel Gomes vai participar da festa junina do Abrigo Teresa de Jesus. Nossos jovens estar\u00e3o nas barracas das brincadeiras e bebidas. Todos est\u00e3o convidados!!!<\/p>\n<p><a href=\"https:\/\/geal.org.br\/juventude\/wp-content\/uploads\/WhatsApp-Image-2024-05-26-at-12.31.52.jpeg\"><img loading=\"lazy\" class=\"aligncenter size-full wp-image-2024\" src=\"https:\/\/geal.org.br\/juventude\/wp-content\/uploads\/WhatsApp-Image-2024-05-26-at-12.31.52.jpeg\" alt=\"\" width=\"1080\" height=\"1080\" srcset=\"https:\/\/geal.org.br\/juventude\/wp-content\/uploads\/WhatsApp-Image-2024-05-26-at-12.31.52.jpeg 1080w, https:\/\/geal.org.br\/juventude\/wp-content\/uploads\/WhatsApp-Image-2024-05-26-at-12.31.52-300x300.jpeg 300w, https:\/\/geal.org.br\/juventude\/wp-content\/uploads\/WhatsApp-Image-2024-05-26-at-12.31.52-1024x1024.jpeg 1024w, https:\/\/geal.org.br\/juventude\/wp-content\/uploads\/WhatsApp-Image-2024-05-26-at-12.31.52-150x150.jpeg 150w, https:\/\/geal.org.br\/juventude\/wp-content\/uploads\/WhatsApp-Image-2024-05-26-at-12.31.52-768x768.jpeg 768w, https:\/\/geal.org.br\/juventude\/wp-content\/uploads\/WhatsApp-Image-2024-05-26-at-12.31.52-100x100.jpeg 100w\" sizes=\"(max-width: 767px) 89vw, (max-width: 1000px) 54vw, (max-width: 1071px) 543px, 580px\" \/><\/a><\/p>\n<p>&nbsp;<\/p>\n","protected":false},"excerpt":{"rendered":"<p>Mais uma vez a Juventude Esp\u00edrita Abel Gomes vai participar da festa junina do Abrigo Teresa de Jesus. Nossos jovens estar\u00e3o nas barracas das brincadeiras e bebidas. Todos est\u00e3o convidados!!! &nbsp;<\/p>\n","protected":false},"author":2,"featured_media":0,"comment_status":"closed","ping_status":"open","sticky":false,"template":"","format":"standard","meta":[],"categories":[5],"tags":[],"_links":{"self":[{"href":"https:\/\/geal.org.br\/juventude\/index.php?rest_route=\/wp\/v2\/posts\/2025"}],"collection":[{"href":"https:\/\/geal.org.br\/juventude\/index.php?rest_route=\/wp\/v2\/posts"}],"about":[{"href":"https:\/\/geal.org.br\/juventude\/index.php?rest_route=\/wp\/v2\/types\/post"}],"author":[{"embeddable":true,"href":"https:\/\/geal.org.br\/juventude\/index.php?rest_route=\/wp\/v2\/users\/2"}],"replies":[{"embeddable":true,"href":"https:\/\/geal.org.br\/juventude\/index.php?rest_route=%2Fwp%2Fv2%2Fcomments&post=2025"}],"version-history":[{"count":2,"href":"https:\/\/geal.org.br\/juventude\/index.php?rest_route=\/wp\/v2\/posts\/2025\/revisions"}],"predecessor-version":[{"id":2027,"href":"https:\/\/geal.org.br\/juventude\/index.php?rest_route=\/wp\/v2\/posts\/2025\/revisions\/2027"}],"wp:attachment":[{"href":"https:\/\/geal.org.br\/juventude\/index.php?rest_route=%2Fwp%2Fv2%2Fmedia&parent=2025"}],"wp:term":[{"taxonomy":"category","embeddable":true,"href":"https:\/\/geal.org.br\/juventude\/index.php?rest_route=%2Fwp%2Fv2%2Fcategories&post=2025"},{"taxonomy":"post_tag","embeddable":true,"href":"https:\/\/geal.org.br\/juventude\/index.php?rest_route=%2Fwp%2Fv2%2Ftags&post=2025"}],"curies":[{"name":"wp","href":"https:\/\/api.w.org\/{rel}","templated":true}]}}