{"id":2051,"date":"2024-08-01T06:00:26","date_gmt":"2024-08-01T06:00:26","guid":{"rendered":"https:\/\/geal.org.br\/juventude\/?p=2051"},"modified":"2024-07-25T14:33:47","modified_gmt":"2024-07-25T14:33:47","slug":"agosto-o-que-o-adolescente-espera-da-sociedade-e-o-que-a-sociedade-espera-do-adolescente","status":"publish","type":"post","link":"https:\/\/geal.org.br\/juventude\/?p=2051","title":{"rendered":"AGOSTO &#8211; O que o adolescente espera da sociedade e o que a sociedade espera do  adolescente"},"content":{"rendered":"<p>O adulto de hoje esquece-se do seu superado per\u00edodo de adolesc\u00eancia<br \/>\n\u2014 se \u00e9 que j\u00e1 ocorreu \u2014 quando tamb\u00e9m anelou muito e n\u00e3o <span style=\"font-size: 1rem;\">conseguiu <\/span><span style=\"font-size: 1rem;\">tudo quanto gostaria de realizar, foi aguardado e n\u00e3o correspondeu\u00a0<\/span>\u00e0 expectativa dos seus ancestrais [&#8230;]. \u00c9 inevit\u00e1vel, portanto,\u00a0 que o conflito de gera\u00e7\u00f5es, que \u00e9 resultado da imposi\u00e7\u00e3o caprichosa de parte a parte, seja resolvido pelo interc\u00e2mbio de ideias e compreens\u00e3o de necessidades reais do grupo social e do adolescente, estabelecendo-se pontes de entendimento e coopera\u00e7\u00e3o, para que os dois extremos se acerquem do objetivo, que \u00e9 o aux\u00edlio rec\u00edproco.<\/p>\n<p>Trecho adaptado de Joanna de \u00c2ngelis &#8211; Livro Adolesc\u00eancia e Vida, cap\u00edtulo 9.<\/p>\n","protected":false},"excerpt":{"rendered":"<p>O adulto de hoje esquece-se do seu superado per\u00edodo de adolesc\u00eancia \u2014 se \u00e9 que j\u00e1 ocorreu \u2014 quando tamb\u00e9m anelou muito e n\u00e3o conseguiu tudo quanto gostaria de realizar, foi aguardado e n\u00e3o correspondeu\u00a0\u00e0 expectativa dos seus ancestrais [&#8230;]. \u00c9 inevit\u00e1vel, portanto,\u00a0 que o conflito de gera\u00e7\u00f5es, que \u00e9 resultado da imposi\u00e7\u00e3o caprichosa de &hellip; <\/p>\n<p class=\"link-more\"><a href=\"https:\/\/geal.org.br\/juventude\/?p=2051\" class=\"more-link\">Continue lendo<span class=\"screen-reader-text\"> &#8220;AGOSTO &#8211; O que o adolescente espera da sociedade e o que a sociedade espera do  adolescente&#8221;<\/span><\/a><\/p>\n","protected":false},"author":2,"featured_media":0,"comment_status":"closed","ping_status":"open","sticky":false,"template":"","format":"standard","meta":[],"categories":[5],"tags":[],"_links":{"self":[{"href":"https:\/\/geal.org.br\/juventude\/index.php?rest_route=\/wp\/v2\/posts\/2051"}],"collection":[{"href":"https:\/\/geal.org.br\/juventude\/index.php?rest_route=\/wp\/v2\/posts"}],"about":[{"href":"https:\/\/geal.org.br\/juventude\/index.php?rest_route=\/wp\/v2\/types\/post"}],"author":[{"embeddable":true,"href":"https:\/\/geal.org.br\/juventude\/index.php?rest_route=\/wp\/v2\/users\/2"}],"replies":[{"embeddable":true,"href":"https:\/\/geal.org.br\/juventude\/index.php?rest_route=%2Fwp%2Fv2%2Fcomments&post=2051"}],"version-history":[{"count":4,"href":"https:\/\/geal.org.br\/juventude\/index.php?rest_route=\/wp\/v2\/posts\/2051\/revisions"}],"predecessor-version":[{"id":2055,"href":"https:\/\/geal.org.br\/juventude\/index.php?rest_route=\/wp\/v2\/posts\/2051\/revisions\/2055"}],"wp:attachment":[{"href":"https:\/\/geal.org.br\/juventude\/index.php?rest_route=%2Fwp%2Fv2%2Fmedia&parent=2051"}],"wp:term":[{"taxonomy":"category","embeddable":true,"href":"https:\/\/geal.org.br\/juventude\/index.php?rest_route=%2Fwp%2Fv2%2Fcategories&post=2051"},{"taxonomy":"post_tag","embeddable":true,"href":"https:\/\/geal.org.br\/juventude\/index.php?rest_route=%2Fwp%2Fv2%2Ftags&post=2051"}],"curies":[{"name":"wp","href":"https:\/\/api.w.org\/{rel}","templated":true}]}}