{"id":2083,"date":"2024-10-01T05:00:51","date_gmt":"2024-10-01T05:00:51","guid":{"rendered":"https:\/\/geal.org.br\/juventude\/?p=2083"},"modified":"2024-09-30T11:26:37","modified_gmt":"2024-09-30T11:26:37","slug":"visita-da-juventude-espirita-joao-marcos-do-centro-espirita-ibirajara","status":"publish","type":"post","link":"https:\/\/geal.org.br\/juventude\/?p=2083","title":{"rendered":"Visita da Juventude Esp\u00edrita Jo\u00e3o Marcos do Centro Esp\u00edrita Ibirajara"},"content":{"rendered":"<h3 style=\"text-align: center;\"><span style=\"color: #000000;\">No \u00faltimo dia de agosto recebemos a visita da Juventude Esp\u00edrita Jo\u00e3o Marcos do Centro Esp\u00edrita Ibirajara. Nesse encontro estudamos um texto denominado \u201cPedro, o Ap\u00f3stolo\u201d que est\u00e1 no livro Cr\u00f4nicas de Al\u00e9m T\u00famulo, do Esp\u00edrito Humberto de Campos e psicografado por Francisco C\u00e2ndido Xavier. O texto apresenta o encontro de Humberto de Campos com Pedro em Belo Horizonte durante o 2\u00b0 Congresso Eucar\u00edstico Nacional. Pedro aparece trajado como um judeu antigo, apresentando simplicidade e humildade.01 Humberto, surpreso, o questiona sobre a autenticidade dos Evangelhos e os conflitos com Paulo, ao que Pedro responde com sinceridade reconhecendo seus erros e exaltando a mensagem pura de Cristo. Ao final, Pedro expressa desilus\u00e3o com as ostenta\u00e7\u00f5es do evento religioso, enfatizando que o verdadeiro Reino de Deus \u00e9 destinado aos humildes e sofredores, e que a Igreja Romana, com suas riquezas n\u00e3o representa o legado de Jesus. Nessa conversa o Ap\u00f3stolo Pedro, essencialmente, destaca a simplicidade e a verdadeira ess\u00eancia do Cristianismo, que deve ser centrada na caridade e na humildade, longe das vaidades e apar\u00eancias externas. Por fim, ouvimos e refletimos juntos sobre a m\u00fasica Pedro, de Tim e Vanessa, que pode ser ouvida acessando este QR Code abaixo.<\/span> <a href=\"https:\/\/geal.org.br\/juventude\/wp-content\/uploads\/qrcode-outubro.png\"><img loading=\"lazy\" class=\"aligncenter size-full wp-image-2074\" src=\"https:\/\/geal.org.br\/juventude\/wp-content\/uploads\/qrcode-outubro.png\" alt=\"\" width=\"300\" height=\"306\" srcset=\"https:\/\/geal.org.br\/juventude\/wp-content\/uploads\/qrcode-outubro.png 300w, https:\/\/geal.org.br\/juventude\/wp-content\/uploads\/qrcode-outubro-294x300.png 294w\" sizes=\"(max-width: 300px) 100vw, 300px\" \/><\/a><a href=\"https:\/\/geal.org.br\/juventude\/wp-content\/uploads\/juventudeIbirajara.jpg\"><img loading=\"lazy\" class=\"aligncenter size-full wp-image-2082\" src=\"https:\/\/geal.org.br\/juventude\/wp-content\/uploads\/juventudeIbirajara.jpg\" alt=\"\" width=\"603\" height=\"453\" srcset=\"https:\/\/geal.org.br\/juventude\/wp-content\/uploads\/juventudeIbirajara.jpg 603w, https:\/\/geal.org.br\/juventude\/wp-content\/uploads\/juventudeIbirajara-300x225.jpg 300w\" sizes=\"(max-width: 603px) 100vw, 603px\" \/><\/a><\/h3>\n","protected":false},"excerpt":{"rendered":"<p>No \u00faltimo dia de agosto recebemos a visita da Juventude Esp\u00edrita Jo\u00e3o Marcos do Centro Esp\u00edrita Ibirajara. Nesse encontro estudamos um texto denominado \u201cPedro, o Ap\u00f3stolo\u201d que est\u00e1 no livro Cr\u00f4nicas de Al\u00e9m T\u00famulo, do Esp\u00edrito Humberto de Campos e psicografado por Francisco C\u00e2ndido Xavier. O texto apresenta o encontro de Humberto de Campos com &hellip; <\/p>\n<p class=\"link-more\"><a href=\"https:\/\/geal.org.br\/juventude\/?p=2083\" class=\"more-link\">Continue lendo<span class=\"screen-reader-text\"> &#8220;Visita da Juventude Esp\u00edrita Jo\u00e3o Marcos do Centro Esp\u00edrita Ibirajara&#8221;<\/span><\/a><\/p>\n","protected":false},"author":2,"featured_media":0,"comment_status":"closed","ping_status":"open","sticky":false,"template":"","format":"standard","meta":[],"categories":[5],"tags":[],"_links":{"self":[{"href":"https:\/\/geal.org.br\/juventude\/index.php?rest_route=\/wp\/v2\/posts\/2083"}],"collection":[{"href":"https:\/\/geal.org.br\/juventude\/index.php?rest_route=\/wp\/v2\/posts"}],"about":[{"href":"https:\/\/geal.org.br\/juventude\/index.php?rest_route=\/wp\/v2\/types\/post"}],"author":[{"embeddable":true,"href":"https:\/\/geal.org.br\/juventude\/index.php?rest_route=\/wp\/v2\/users\/2"}],"replies":[{"embeddable":true,"href":"https:\/\/geal.org.br\/juventude\/index.php?rest_route=%2Fwp%2Fv2%2Fcomments&post=2083"}],"version-history":[{"count":5,"href":"https:\/\/geal.org.br\/juventude\/index.php?rest_route=\/wp\/v2\/posts\/2083\/revisions"}],"predecessor-version":[{"id":2088,"href":"https:\/\/geal.org.br\/juventude\/index.php?rest_route=\/wp\/v2\/posts\/2083\/revisions\/2088"}],"wp:attachment":[{"href":"https:\/\/geal.org.br\/juventude\/index.php?rest_route=%2Fwp%2Fv2%2Fmedia&parent=2083"}],"wp:term":[{"taxonomy":"category","embeddable":true,"href":"https:\/\/geal.org.br\/juventude\/index.php?rest_route=%2Fwp%2Fv2%2Fcategories&post=2083"},{"taxonomy":"post_tag","embeddable":true,"href":"https:\/\/geal.org.br\/juventude\/index.php?rest_route=%2Fwp%2Fv2%2Ftags&post=2083"}],"curies":[{"name":"wp","href":"https:\/\/api.w.org\/{rel}","templated":true}]}}