{"id":2209,"date":"2025-06-01T06:00:24","date_gmt":"2025-06-01T06:00:24","guid":{"rendered":"https:\/\/geal.org.br\/juventude\/?p=2209"},"modified":"2025-06-09T17:48:59","modified_gmt":"2025-06-09T17:48:59","slug":"ansiedade-e-depressao-na-juventude-uma-conversa-real-com-rossandro-klinjey","status":"publish","type":"post","link":"https:\/\/geal.org.br\/juventude\/?p=2209","title":{"rendered":"Ansiedade e Depress\u00e3o na Juventude &#8211; uma conversa real com Rossandro Klinjey"},"content":{"rendered":"<p><span style=\"font-weight: 400;\">Na juventude, a vida come\u00e7a a nos chamar pra fora de casa, pra fora da inf\u00e2ncia. A gente come\u00e7a a se lan\u00e7ar no mundo \u2014 e isso pode ser desafiador, confuso, at\u00e9 doloroso. Por qu\u00ea? Nesse bate-papo direto e sens\u00edvel, o psic\u00f3logo e expositor Rossandro Klinjey mergulha fundo nas dores e dilemas de ser jovem hoje. Ele n\u00e3o fala de cima pra baixo \u2014 ele escuta, acolhe e provoca reflex\u00f5es. Com uma linguagem acess\u00edvel e muita empatia, Rossandro aborda temas que fazem parte do nosso cotidiano: ansiedade, depress\u00e3o, redes sociais, compara\u00e7\u00f5es, escolhas demais e a sensa\u00e7\u00e3o de nunca ser suficiente. Vivemos em um tempo de excessos. A cada deslizar de dedo na tela, novas press\u00f5es aparecem: ser aceito, ser incr\u00edvel, ser feliz o tempo todo. Mas\u2026 e quando isso tudo sufoca? Essa conversa rolou durante o 2\u00ba CEU Jovem, um espa\u00e7o criado dentro do Congresso Esp\u00edrita de Uberl\u00e2ndia s\u00f3 para jovens como voc\u00ea \u2014 que querem entender o mundo, a si mesmos e o que o Espiritismo tem a dizer sobre tudo isso.<\/span><\/p>\n<p><span style=\"font-weight: 400;\">Rossandro n\u00e3o oferece respostas prontas, mas aponta caminhos. Fala da import\u00e2ncia da fam\u00edlia, do livre-arb\u00edtrio e do afeto como b\u00fassolas nesse tempo de tantas encruzilhadas. E, no fim, ainda responde perguntas sinceras da galera. Se voc\u00ea j\u00e1 se sentiu perdido, sobrecarregado, ou simplesmente curioso sobre o que est\u00e1 vivendo \u2014 esse conte\u00fado \u00e9 pra voc\u00ea. <\/span><b>D\u00e1 o play e vem com a gente. Bora conversar sobre o que realmente importa.<\/b><\/p>\n<p><span style=\"font-weight: 400;\">Dispon\u00edvel em \u00e1udio | 2\u00ba CEU Jovem | R\u00e1dio Fraternidade<\/span><\/p>\n<blockquote class=\"wp-embedded-content\" data-secret=\"IFDeBT0EWf\"><p><a href=\"https:\/\/espiritismo.tv\/ceu-congresso-espirita-de-uberlandia\/2o-ceu-jovem-2020\/ansiedade-e-depressao-na-juventude\/\">ANSIEDADE E DEPRESS\u00c3O NA JUVENTUDE<\/a><\/p><\/blockquote>\n<p><iframe class=\"wp-embedded-content\" sandbox=\"allow-scripts\" security=\"restricted\" style=\"position: absolute; clip: rect(1px, 1px, 1px, 1px);\" title=\"&#8220;ANSIEDADE E DEPRESS\u00c3O NA JUVENTUDE&#8221; &#8212; Espiritismo.tv\" src=\"https:\/\/espiritismo.tv\/ceu-congresso-espirita-de-uberlandia\/2o-ceu-jovem-2020\/ansiedade-e-depressao-na-juventude\/embed\/#?secret=8w4EXNqfme#?secret=IFDeBT0EWf\" data-secret=\"IFDeBT0EWf\" width=\"525\" height=\"296\" frameborder=\"0\" marginwidth=\"0\" marginheight=\"0\" scrolling=\"no\"><\/iframe><\/p>\n<p>&nbsp;<\/p>\n<p><a href=\"https:\/\/geal.org.br\/juventude\/wp-content\/uploads\/WhatsApp-Image-2025-06-09-at-11.53.30.jpeg\"><img loading=\"lazy\" class=\"aligncenter size-full wp-image-2226\" src=\"https:\/\/geal.org.br\/juventude\/wp-content\/uploads\/WhatsApp-Image-2025-06-09-at-11.53.30.jpeg\" alt=\"\" width=\"412\" height=\"412\" srcset=\"https:\/\/geal.org.br\/juventude\/wp-content\/uploads\/WhatsApp-Image-2025-06-09-at-11.53.30.jpeg 412w, https:\/\/geal.org.br\/juventude\/wp-content\/uploads\/WhatsApp-Image-2025-06-09-at-11.53.30-300x300.jpeg 300w, https:\/\/geal.org.br\/juventude\/wp-content\/uploads\/WhatsApp-Image-2025-06-09-at-11.53.30-150x150.jpeg 150w, https:\/\/geal.org.br\/juventude\/wp-content\/uploads\/WhatsApp-Image-2025-06-09-at-11.53.30-100x100.jpeg 100w\" sizes=\"(max-width: 412px) 100vw, 412px\" \/><\/a><\/p>\n<p>&nbsp;<\/p>\n","protected":false},"excerpt":{"rendered":"<p>Na juventude, a vida come\u00e7a a nos chamar pra fora de casa, pra fora da inf\u00e2ncia. A gente come\u00e7a a se lan\u00e7ar no mundo \u2014 e isso pode ser desafiador, confuso, at\u00e9 doloroso. Por qu\u00ea? Nesse bate-papo direto e sens\u00edvel, o psic\u00f3logo e expositor Rossandro Klinjey mergulha fundo nas dores e dilemas de ser jovem &hellip; <\/p>\n<p class=\"link-more\"><a href=\"https:\/\/geal.org.br\/juventude\/?p=2209\" class=\"more-link\">Continue lendo<span class=\"screen-reader-text\"> &#8220;Ansiedade e Depress\u00e3o na Juventude &#8211; uma conversa real com Rossandro Klinjey&#8221;<\/span><\/a><\/p>\n","protected":false},"author":2,"featured_media":0,"comment_status":"closed","ping_status":"open","sticky":false,"template":"","format":"standard","meta":[],"categories":[5],"tags":[],"_links":{"self":[{"href":"https:\/\/geal.org.br\/juventude\/index.php?rest_route=\/wp\/v2\/posts\/2209"}],"collection":[{"href":"https:\/\/geal.org.br\/juventude\/index.php?rest_route=\/wp\/v2\/posts"}],"about":[{"href":"https:\/\/geal.org.br\/juventude\/index.php?rest_route=\/wp\/v2\/types\/post"}],"author":[{"embeddable":true,"href":"https:\/\/geal.org.br\/juventude\/index.php?rest_route=\/wp\/v2\/users\/2"}],"replies":[{"embeddable":true,"href":"https:\/\/geal.org.br\/juventude\/index.php?rest_route=%2Fwp%2Fv2%2Fcomments&post=2209"}],"version-history":[{"count":5,"href":"https:\/\/geal.org.br\/juventude\/index.php?rest_route=\/wp\/v2\/posts\/2209\/revisions"}],"predecessor-version":[{"id":2227,"href":"https:\/\/geal.org.br\/juventude\/index.php?rest_route=\/wp\/v2\/posts\/2209\/revisions\/2227"}],"wp:attachment":[{"href":"https:\/\/geal.org.br\/juventude\/index.php?rest_route=%2Fwp%2Fv2%2Fmedia&parent=2209"}],"wp:term":[{"taxonomy":"category","embeddable":true,"href":"https:\/\/geal.org.br\/juventude\/index.php?rest_route=%2Fwp%2Fv2%2Fcategories&post=2209"},{"taxonomy":"post_tag","embeddable":true,"href":"https:\/\/geal.org.br\/juventude\/index.php?rest_route=%2Fwp%2Fv2%2Ftags&post=2209"}],"curies":[{"name":"wp","href":"https:\/\/api.w.org\/{rel}","templated":true}]}}