{"id":2252,"date":"2025-07-25T22:32:42","date_gmt":"2025-07-25T22:32:42","guid":{"rendered":"https:\/\/geal.org.br\/juventude\/?p=2252"},"modified":"2025-07-25T22:32:42","modified_gmt":"2025-07-25T22:32:42","slug":"agosto-e-mes-de-esperancar-no-conjevita","status":"publish","type":"post","link":"https:\/\/geal.org.br\/juventude\/?p=2252","title":{"rendered":"AGOSTO \u00c9 M\u00caS DE ESPERAN\u00c7AR NO CONJEVITA!!!"},"content":{"rendered":"<p><a href=\"https:\/\/geal.org.br\/juventude\/wp-content\/uploads\/Cartaz_Conjevita_2025.jpg\"><img loading=\"lazy\" class=\"aligncenter size-full wp-image-2245\" src=\"https:\/\/geal.org.br\/juventude\/wp-content\/uploads\/Cartaz_Conjevita_2025.jpg\" alt=\"\" width=\"1024\" height=\"1280\" srcset=\"https:\/\/geal.org.br\/juventude\/wp-content\/uploads\/Cartaz_Conjevita_2025.jpg 1024w, https:\/\/geal.org.br\/juventude\/wp-content\/uploads\/Cartaz_Conjevita_2025-240x300.jpg 240w, https:\/\/geal.org.br\/juventude\/wp-content\/uploads\/Cartaz_Conjevita_2025-819x1024.jpg 819w, https:\/\/geal.org.br\/juventude\/wp-content\/uploads\/Cartaz_Conjevita_2025-768x960.jpg 768w\" sizes=\"(max-width: 767px) 89vw, (max-width: 1000px) 54vw, (max-width: 1071px) 543px, 580px\" \/><\/a>Depois de um dia lindo de constru\u00e7\u00e3o com a juventude, com muita escuta, di\u00e1logo e cora\u00e7\u00e3o aberto\u2026 nasceu o tema da Confraterniza\u00e7\u00e3o de Juventudes e Fam\u00edlia Esp\u00edritas de Tijuca e Adjac\u00eancias, CONJEVITA 2025 que ser\u00e1:\u00a0 \u00a0 \u00a0 \u00a0 \u00a0 \u00a0 <strong>\u201cO MUNDO EM CRISE: \u00c9 HORA DE ESPERAN\u00c7AR!<\/strong> Inspirado nas palavras de Eur\u00edpedes Barsanulfo: &#8220;Se retirarmos os p\u00e1ssaros do c\u00e9u, ele parecer\u00e1 triste&#8230; Se retirarmos as flores do campo, ele parecer\u00e1 seco&#8230; Se retirarmos a juventude da Terra, o mundo parecer\u00e1 sem esperan\u00e7a.&#8221; Por isso, nada melhor do que esperan\u00e7ar com os nossos jovens e toda a fam\u00edlia! O mundo est\u00e1 passando por transforma\u00e7\u00f5es, e n\u00f3s tamb\u00e9m! Esse evento \u00e9 mais que um encontro, \u00e9 um chamado pra construirmos juntos um novo tempo \u2014 com afeto, consci\u00eancia e a\u00e7\u00e3o! A sua presen\u00e7a vai fazer tudo isso ganhar vida! J\u00e1 anota a\u00ed e espalha pra geral! &#x1f4c5; 16.08.2025 \u2014 S\u00e1bado &#x1f558; Das 9h \u00e0s 18h &#x1f4cd; GEAL \u2013 Grupo Esp\u00edrita Andr\u00e9 Luiz &#x1f4cc; Rua Jiquib\u00e1, 139 \u2013 Maracan\u00e3, Rio de Janeiro.<\/p>\n<p>Se inscreva em \u00a0<a href=\"https:\/\/forms.gle\/cQyC31Wm2yMR8ncSA\">https:\/\/forms.gle\/cQyC31Wm2yMR8ncSA<\/a><\/p>\n<p>Nosso cora\u00e7\u00e3o t\u00e1 prontinho pra receber voc\u00ea. &#x1f440; Fica ligado no nosso Instagram @conjevita e #VemEsperan\u00e7ar com a gente!<\/p>\n","protected":false},"excerpt":{"rendered":"<p>Depois de um dia lindo de constru\u00e7\u00e3o com a juventude, com muita escuta, di\u00e1logo e cora\u00e7\u00e3o aberto\u2026 nasceu o tema da Confraterniza\u00e7\u00e3o de Juventudes e Fam\u00edlia Esp\u00edritas de Tijuca e Adjac\u00eancias, CONJEVITA 2025 que ser\u00e1:\u00a0 \u00a0 \u00a0 \u00a0 \u00a0 \u00a0 \u201cO MUNDO EM CRISE: \u00c9 HORA DE ESPERAN\u00c7AR! Inspirado nas palavras de Eur\u00edpedes Barsanulfo: &#8220;Se &hellip; <\/p>\n<p class=\"link-more\"><a href=\"https:\/\/geal.org.br\/juventude\/?p=2252\" class=\"more-link\">Continue lendo<span class=\"screen-reader-text\"> &#8220;AGOSTO \u00c9 M\u00caS DE ESPERAN\u00c7AR NO CONJEVITA!!!&#8221;<\/span><\/a><\/p>\n","protected":false},"author":2,"featured_media":0,"comment_status":"closed","ping_status":"open","sticky":false,"template":"","format":"standard","meta":[],"categories":[5],"tags":[],"_links":{"self":[{"href":"https:\/\/geal.org.br\/juventude\/index.php?rest_route=\/wp\/v2\/posts\/2252"}],"collection":[{"href":"https:\/\/geal.org.br\/juventude\/index.php?rest_route=\/wp\/v2\/posts"}],"about":[{"href":"https:\/\/geal.org.br\/juventude\/index.php?rest_route=\/wp\/v2\/types\/post"}],"author":[{"embeddable":true,"href":"https:\/\/geal.org.br\/juventude\/index.php?rest_route=\/wp\/v2\/users\/2"}],"replies":[{"embeddable":true,"href":"https:\/\/geal.org.br\/juventude\/index.php?rest_route=%2Fwp%2Fv2%2Fcomments&post=2252"}],"version-history":[{"count":1,"href":"https:\/\/geal.org.br\/juventude\/index.php?rest_route=\/wp\/v2\/posts\/2252\/revisions"}],"predecessor-version":[{"id":2253,"href":"https:\/\/geal.org.br\/juventude\/index.php?rest_route=\/wp\/v2\/posts\/2252\/revisions\/2253"}],"wp:attachment":[{"href":"https:\/\/geal.org.br\/juventude\/index.php?rest_route=%2Fwp%2Fv2%2Fmedia&parent=2252"}],"wp:term":[{"taxonomy":"category","embeddable":true,"href":"https:\/\/geal.org.br\/juventude\/index.php?rest_route=%2Fwp%2Fv2%2Fcategories&post=2252"},{"taxonomy":"post_tag","embeddable":true,"href":"https:\/\/geal.org.br\/juventude\/index.php?rest_route=%2Fwp%2Fv2%2Ftags&post=2252"}],"curies":[{"name":"wp","href":"https:\/\/api.w.org\/{rel}","templated":true}]}}