{"id":2265,"date":"2025-08-30T17:45:21","date_gmt":"2025-08-30T17:45:21","guid":{"rendered":"https:\/\/geal.org.br\/juventude\/?p=2265"},"modified":"2025-08-30T17:45:21","modified_gmt":"2025-08-30T17:45:21","slug":"conjevita-na-jeag-juventudes-em-movimento-esperanca-em-acao","status":"publish","type":"post","link":"https:\/\/geal.org.br\/juventude\/?p=2265","title":{"rendered":"Conjevita na JEAG: juventudes em movimento, esperan\u00e7a em a\u00e7\u00e3o"},"content":{"rendered":"<p>No dia 16 de agosto, a JEAG viveu um momento hist\u00f3rico! Depois de muitos anos, sediamos a Confraterniza\u00e7\u00e3o das Juventudes Esp\u00edritas de Tijuca e Adjac\u00eancias (Conjevita), recebendo 143 jovens e suas fam\u00edlias. O Conjevita come\u00e7ou com arte e emo\u00e7\u00e3o. A abertura foi marcada por uma apresenta\u00e7\u00e3o de dan\u00e7a na qual a jeaguiana Ananda, de 14 anos, expressou, por meio do corpo, as crises e esperan\u00e7as que atravessam nosso tempo. Perguntamos a Ananda como foi participar do Conjevita na JEAG, sendo a respons\u00e1vel pela abertura art\u00edstica do evento. Sorridente, ela respondeu: \u201cDeu um pouco de medo, porque eu nunca fiz isso, mas eu gostei. Acho que foi uma experi\u00eancia bem interessante e nova pra mim. Eu fiquei bem feliz!\u201d Ap\u00f3s essa abertura impactante, os jovens seguiram para atividades de integra\u00e7\u00e3o, conduzidas de forma leve e acolhedora, seguidas das primeiras reflex\u00f5es sobre o tema <strong>\u201cO mundo em crise: \u00e9 hora de esperan\u00e7ar!\u201d<\/strong>. Durante a manh\u00e3, os participantes percorreram diferentes \u201cesta\u00e7\u00f5es\u201d, vivenciando experi\u00eancias que abordaram temas como pol\u00edtica, guerras, diversidade e meio ambiente. J\u00e1 a parte da tarde foi dedicada \u00e0s oficinas, que trataram do cuidado em tr\u00eas dimens\u00f5es: consigo mesmo, com o pr\u00f3ximo e com o planeta. Em um clima de criatividade e partilha, os jovens puderam desenhar, escrever, cantar e construir s\u00edmbolos de esperan\u00e7a e transforma\u00e7\u00e3o. Ao final do dia, todos se reuniram novamente ao som da m\u00fasica <em>\u201cNunca pare de sonhar\u201d<\/em>, de Gonzaguinha, tendo as crian\u00e7as como protagonistas desse momento especial. Elas nos inspiraram a cultivar \u201cf\u00e9 na vida, f\u00e9 no homem, f\u00e9 no que vir\u00e1 (&#8230;) vamos l\u00e1 fazer o que ser\u00e1!\u201d, palavras que at\u00e9 agora reverberam em nossos cora\u00e7\u00f5es. O Conjevita foi mais que um encontro: foi a prova de que, quando as juventudes se re\u00fanem em nome do Evangelho, nascem for\u00e7as capazes de transformar n\u00e3o apenas os cora\u00e7\u00f5es presentes, mas tamb\u00e9m as comunidades que cada jovem representa. Depois de tantos anos, a JEAG n\u00e3o apenas sediou um evento, mas reafirmou sua voca\u00e7\u00e3o como espa\u00e7o de acolhimento, estudo e viv\u00eancia do Espiritismo.<\/p>\n<p>&nbsp;<\/p>\n<figure id=\"attachment_2263\" aria-describedby=\"caption-attachment-2263\" style=\"width: 321px\" class=\"wp-caption aligncenter\"><a href=\"https:\/\/geal.org.br\/juventude\/wp-content\/uploads\/jeag2.jpg\"><img loading=\"lazy\" class=\"size-full wp-image-2263\" src=\"https:\/\/geal.org.br\/juventude\/wp-content\/uploads\/jeag2.jpg\" alt=\"\" width=\"321\" height=\"239\" srcset=\"https:\/\/geal.org.br\/juventude\/wp-content\/uploads\/jeag2.jpg 321w, https:\/\/geal.org.br\/juventude\/wp-content\/uploads\/jeag2-300x223.jpg 300w\" sizes=\"(max-width: 321px) 100vw, 321px\" \/><\/a><figcaption id=\"caption-attachment-2263\" class=\"wp-caption-text\">Todos os participantes do Conjevita<\/figcaption><\/figure>\n<figure id=\"attachment_2264\" aria-describedby=\"caption-attachment-2264\" style=\"width: 275px\" class=\"wp-caption aligncenter\"><a href=\"https:\/\/geal.org.br\/juventude\/wp-content\/uploads\/jaeg.jpg\"><img loading=\"lazy\" class=\"size-full wp-image-2264\" src=\"https:\/\/geal.org.br\/juventude\/wp-content\/uploads\/jaeg.jpg\" alt=\"\" width=\"275\" height=\"199\" \/><\/a><figcaption id=\"caption-attachment-2264\" class=\"wp-caption-text\">Jeaguiana Ananda dan\u00e7ando<\/figcaption><\/figure>\n","protected":false},"excerpt":{"rendered":"<p>No dia 16 de agosto, a JEAG viveu um momento hist\u00f3rico! Depois de muitos anos, sediamos a Confraterniza\u00e7\u00e3o das Juventudes Esp\u00edritas de Tijuca e Adjac\u00eancias (Conjevita), recebendo 143 jovens e suas fam\u00edlias. O Conjevita come\u00e7ou com arte e emo\u00e7\u00e3o. A abertura foi marcada por uma apresenta\u00e7\u00e3o de dan\u00e7a na qual a jeaguiana Ananda, de 14 &hellip; <\/p>\n<p class=\"link-more\"><a href=\"https:\/\/geal.org.br\/juventude\/?p=2265\" class=\"more-link\">Continue lendo<span class=\"screen-reader-text\"> &#8220;Conjevita na JEAG: juventudes em movimento, esperan\u00e7a em a\u00e7\u00e3o&#8221;<\/span><\/a><\/p>\n","protected":false},"author":2,"featured_media":0,"comment_status":"closed","ping_status":"open","sticky":false,"template":"","format":"standard","meta":[],"categories":[5],"tags":[],"_links":{"self":[{"href":"https:\/\/geal.org.br\/juventude\/index.php?rest_route=\/wp\/v2\/posts\/2265"}],"collection":[{"href":"https:\/\/geal.org.br\/juventude\/index.php?rest_route=\/wp\/v2\/posts"}],"about":[{"href":"https:\/\/geal.org.br\/juventude\/index.php?rest_route=\/wp\/v2\/types\/post"}],"author":[{"embeddable":true,"href":"https:\/\/geal.org.br\/juventude\/index.php?rest_route=\/wp\/v2\/users\/2"}],"replies":[{"embeddable":true,"href":"https:\/\/geal.org.br\/juventude\/index.php?rest_route=%2Fwp%2Fv2%2Fcomments&post=2265"}],"version-history":[{"count":1,"href":"https:\/\/geal.org.br\/juventude\/index.php?rest_route=\/wp\/v2\/posts\/2265\/revisions"}],"predecessor-version":[{"id":2266,"href":"https:\/\/geal.org.br\/juventude\/index.php?rest_route=\/wp\/v2\/posts\/2265\/revisions\/2266"}],"wp:attachment":[{"href":"https:\/\/geal.org.br\/juventude\/index.php?rest_route=%2Fwp%2Fv2%2Fmedia&parent=2265"}],"wp:term":[{"taxonomy":"category","embeddable":true,"href":"https:\/\/geal.org.br\/juventude\/index.php?rest_route=%2Fwp%2Fv2%2Fcategories&post=2265"},{"taxonomy":"post_tag","embeddable":true,"href":"https:\/\/geal.org.br\/juventude\/index.php?rest_route=%2Fwp%2Fv2%2Ftags&post=2265"}],"curies":[{"name":"wp","href":"https:\/\/api.w.org\/{rel}","templated":true}]}}