{"id":2319,"date":"2026-01-01T06:00:20","date_gmt":"2026-01-01T06:00:20","guid":{"rendered":"https:\/\/geal.org.br\/juventude\/?p=2319"},"modified":"2025-12-23T16:08:14","modified_gmt":"2025-12-23T16:08:14","slug":"ano-novo-vida-nova","status":"publish","type":"post","link":"https:\/\/geal.org.br\/juventude\/?p=2319","title":{"rendered":"Ano novo, vida nova!!"},"content":{"rendered":"<p>\u201cAno novo, vida nova\u201d \u00e9 uma frase popular que expressa aquela esperan\u00e7a de recome\u00e7o quando um novo ciclo se inicia. N\u00e3o sei voc\u00eas, mas eu costumo, nessa \u00e9poca, fazer aquele balan\u00e7o b\u00e1sico de como foi o meu ano em rela\u00e7\u00e3o \u00e0s metas que eu tinha planejado: arranjar um namorado, um emprego, emagrecer\u2026 nossa, quanta coisa pensei e n\u00e3o cumpri rsrs.<\/p>\n<p>Mas para um pouquinho e pensa comigo: ser\u00e1 que, nesses momentos, a gente se lembra de olhar para n\u00f3s mesmos como\u00a0Esp\u00edritos imortais, encarnados em um corpo de carne? Ser\u00e1 que, al\u00e9m das metas materiais e imediatas, a gente considera que tamb\u00e9m estabeleceu prop\u00f3sitos antes de reencarnar?<\/p>\n<p>Se somos Esp\u00edritos vivendo uma experi\u00eancia transit\u00f3ria na mat\u00e9ria, vale a pena se perguntar: como foi o nosso ano do ponto de vista espiritual? Conseguimos avan\u00e7ar um pouco mais na paci\u00eancia, na empatia, no amor ao pr\u00f3ximo? O que aprendemos com os desafios que apareceram pelo caminho?<\/p>\n<p>Talvez o convite desse novo ano n\u00e3o seja apenas fazer uma lista de metas externas, mas olhar com mais carinho para o que estamos construindo por dentro. Que em 2027 a gente consiga alinhar nossos sonhos pessoais com o nosso crescimento espiritual, lembrando que cada escolha, cada atitude e cada esfor\u00e7o contam no caminho do Esp\u00edrito imortal que somos.01<\/p>\n","protected":false},"excerpt":{"rendered":"<p>\u201cAno novo, vida nova\u201d \u00e9 uma frase popular que expressa aquela esperan\u00e7a de recome\u00e7o quando um novo ciclo se inicia. N\u00e3o sei voc\u00eas, mas eu costumo, nessa \u00e9poca, fazer aquele balan\u00e7o b\u00e1sico de como foi o meu ano em rela\u00e7\u00e3o \u00e0s metas que eu tinha planejado: arranjar um namorado, um emprego, emagrecer\u2026 nossa, quanta coisa &hellip; <\/p>\n<p class=\"link-more\"><a href=\"https:\/\/geal.org.br\/juventude\/?p=2319\" class=\"more-link\">Continue lendo<span class=\"screen-reader-text\"> &#8220;Ano novo, vida nova!!&#8221;<\/span><\/a><\/p>\n","protected":false},"author":2,"featured_media":0,"comment_status":"closed","ping_status":"open","sticky":false,"template":"","format":"standard","meta":[],"categories":[5],"tags":[],"_links":{"self":[{"href":"https:\/\/geal.org.br\/juventude\/index.php?rest_route=\/wp\/v2\/posts\/2319"}],"collection":[{"href":"https:\/\/geal.org.br\/juventude\/index.php?rest_route=\/wp\/v2\/posts"}],"about":[{"href":"https:\/\/geal.org.br\/juventude\/index.php?rest_route=\/wp\/v2\/types\/post"}],"author":[{"embeddable":true,"href":"https:\/\/geal.org.br\/juventude\/index.php?rest_route=\/wp\/v2\/users\/2"}],"replies":[{"embeddable":true,"href":"https:\/\/geal.org.br\/juventude\/index.php?rest_route=%2Fwp%2Fv2%2Fcomments&post=2319"}],"version-history":[{"count":1,"href":"https:\/\/geal.org.br\/juventude\/index.php?rest_route=\/wp\/v2\/posts\/2319\/revisions"}],"predecessor-version":[{"id":2320,"href":"https:\/\/geal.org.br\/juventude\/index.php?rest_route=\/wp\/v2\/posts\/2319\/revisions\/2320"}],"wp:attachment":[{"href":"https:\/\/geal.org.br\/juventude\/index.php?rest_route=%2Fwp%2Fv2%2Fmedia&parent=2319"}],"wp:term":[{"taxonomy":"category","embeddable":true,"href":"https:\/\/geal.org.br\/juventude\/index.php?rest_route=%2Fwp%2Fv2%2Fcategories&post=2319"},{"taxonomy":"post_tag","embeddable":true,"href":"https:\/\/geal.org.br\/juventude\/index.php?rest_route=%2Fwp%2Fv2%2Ftags&post=2319"}],"curies":[{"name":"wp","href":"https:\/\/api.w.org\/{rel}","templated":true}]}}