{"id":2345,"date":"2026-02-01T06:00:53","date_gmt":"2026-02-01T06:00:53","guid":{"rendered":"https:\/\/geal.org.br\/juventude\/?p=2345"},"modified":"2026-01-29T22:37:26","modified_gmt":"2026-01-29T22:37:26","slug":"carnaval-e-espiritualidade-um-convite-a-reflexao","status":"publish","type":"post","link":"https:\/\/geal.org.br\/juventude\/?p=2345","title":{"rendered":"Carnaval e espiritualidade: um convite \u00e0 reflex\u00e3o"},"content":{"rendered":"<p><span style=\"font-weight: 400;\">Certamente h\u00e1 muitos textos esp\u00edritas que criticam o Carnaval. Isso nos convida a uma reflex\u00e3o sincera: o problema est\u00e1 na festa em si ou no olhar que lan\u00e7amos sobre ela e nas inten\u00e7\u00f5es ao vivenci\u00e1-la? O Carnaval tem muitas faces. \u00c9, antes de tudo, uma grande festa popular, profundamente marcada pela cultura afro-brasileira. O samba, os tambores, as cores, as fantasias e a musicalidade expressam arte, beleza e identidade. Al\u00e9m disso, os desfiles e sambas-enredo transformam o Carnaval em um potente espa\u00e7o de cr\u00edtica sobre a vida em sociedade, dando voz \u00e0s popula\u00e7\u00f5es negras, ind\u00edgenas e perif\u00e9ricas, com repercuss\u00e3o no Brasil e no mundo. Claro, existe o outro lado. Mas qual espa\u00e7o humano n\u00e3o o tem? Pureza ou desequil\u00edbrio n\u00e3o dependem do lugar, e sim das escolhas, inten\u00e7\u00f5es e atitudes de cada um. Quando falamos em \u201cvibra\u00e7\u00f5es\u201d, \u00e9 importante lembrar que as vibra\u00e7\u00f5es de um ambiente s\u00e3o resultado do conjunto das vibra\u00e7\u00f5es que cada pessoa emite. Ainda assim, isso n\u00e3o nos exime da vigil\u00e2ncia interior: \u00e9 fundamental perceber em que medida determinado ambiente nos fortalece ou nos fragiliza e, sempre que necess\u00e1rio, fazer escolhas conscientes, buscando espa\u00e7os e companhias que nos fa\u00e7am bem. Essa aten\u00e7\u00e3o a si mesmo, no entanto, n\u00e3o pode se transformar em julgamento apressado sobre o outro ou sobre quem faz escolhas diferentes das nossas. Quem pode afirmar conhecer o \u00edntimo das pessoas que participam do Carnaval? Entre elas h\u00e1 trabalhadores, artistas, educadores e pessoas t\u00e3o dignas quanto aquelas que frequentam institui\u00e7\u00f5es religiosas. O Carnaval tamb\u00e9m gera milh\u00f5es de empregos e garante sustento e dignidade a in\u00fameras fam\u00edlias, al\u00e9m de fortalecer a autoestima e a identidade cultural de quem constr\u00f3i essa celebra\u00e7\u00e3o. No fim, cada pessoa enxerga no Carnaval aquilo que carrega dentro de si: alguns veem arte, alegria e cultura; outros veem apenas excesso e desordem. Por isso, convidamos todos a vivenciarem o Carnaval com consci\u00eancia e equil\u00edbrio, reconhecendo-o como um espa\u00e7o poss\u00edvel de conviv\u00eancia, aprendizado e express\u00e3o da alegria em sintonia com valores espirituais.\u00a0<\/span><\/p>\n<p>&nbsp;<\/p>\n<p><b>Falando nisso, voc\u00ea conhece a COMEERJ?<\/b><\/p>\n<p><span style=\"font-weight: 400;\">A Confraterniza\u00e7\u00e3o de Mocidades Esp\u00edritas do Estado do Rio de Janeiro acontece h\u00e1 47 anos durante o Carnaval, reunindo jovens em um ambiente de estudo, arte, amizade e viv\u00eancia do Espiritismo. Com oficinas, atividades integrativas e muita m\u00fasica, a COMEERJ \u00e9 um verdadeiro exerc\u00edcio de fraternidade e transforma\u00e7\u00e3o.<\/span><span style=\"font-weight: 400;\"><br \/>\n<\/span><span style=\"font-weight: 400;\">Acesse o Instagram pelo QR Code dos polos 8 e 18 e descubra por que tantos jovens se apaixonam por esse encontro!\u00a0<\/span><\/p>\n<p>&nbsp;<\/p>\n<p><a href=\"https:\/\/geal.org.br\/juventude\/wp-content\/uploads\/qr-code.jpg\"><img loading=\"lazy\" class=\"aligncenter size-full wp-image-2347\" src=\"https:\/\/geal.org.br\/juventude\/wp-content\/uploads\/qr-code.jpg\" alt=\"\" width=\"214\" height=\"222\" \/><\/a><\/p>\n<p>&nbsp;<\/p>\n","protected":false},"excerpt":{"rendered":"<p>Certamente h\u00e1 muitos textos esp\u00edritas que criticam o Carnaval. Isso nos convida a uma reflex\u00e3o sincera: o problema est\u00e1 na festa em si ou no olhar que lan\u00e7amos sobre ela e nas inten\u00e7\u00f5es ao vivenci\u00e1-la? O Carnaval tem muitas faces. \u00c9, antes de tudo, uma grande festa popular, profundamente marcada pela cultura afro-brasileira. O samba, &hellip; <\/p>\n<p class=\"link-more\"><a href=\"https:\/\/geal.org.br\/juventude\/?p=2345\" class=\"more-link\">Continue lendo<span class=\"screen-reader-text\"> &#8220;Carnaval e espiritualidade: um convite \u00e0 reflex\u00e3o&#8221;<\/span><\/a><\/p>\n","protected":false},"author":2,"featured_media":0,"comment_status":"closed","ping_status":"open","sticky":false,"template":"","format":"standard","meta":[],"categories":[5],"tags":[],"_links":{"self":[{"href":"https:\/\/geal.org.br\/juventude\/index.php?rest_route=\/wp\/v2\/posts\/2345"}],"collection":[{"href":"https:\/\/geal.org.br\/juventude\/index.php?rest_route=\/wp\/v2\/posts"}],"about":[{"href":"https:\/\/geal.org.br\/juventude\/index.php?rest_route=\/wp\/v2\/types\/post"}],"author":[{"embeddable":true,"href":"https:\/\/geal.org.br\/juventude\/index.php?rest_route=\/wp\/v2\/users\/2"}],"replies":[{"embeddable":true,"href":"https:\/\/geal.org.br\/juventude\/index.php?rest_route=%2Fwp%2Fv2%2Fcomments&post=2345"}],"version-history":[{"count":2,"href":"https:\/\/geal.org.br\/juventude\/index.php?rest_route=\/wp\/v2\/posts\/2345\/revisions"}],"predecessor-version":[{"id":2348,"href":"https:\/\/geal.org.br\/juventude\/index.php?rest_route=\/wp\/v2\/posts\/2345\/revisions\/2348"}],"wp:attachment":[{"href":"https:\/\/geal.org.br\/juventude\/index.php?rest_route=%2Fwp%2Fv2%2Fmedia&parent=2345"}],"wp:term":[{"taxonomy":"category","embeddable":true,"href":"https:\/\/geal.org.br\/juventude\/index.php?rest_route=%2Fwp%2Fv2%2Fcategories&post=2345"},{"taxonomy":"post_tag","embeddable":true,"href":"https:\/\/geal.org.br\/juventude\/index.php?rest_route=%2Fwp%2Fv2%2Ftags&post=2345"}],"curies":[{"name":"wp","href":"https:\/\/api.w.org\/{rel}","templated":true}]}}