{"id":2353,"date":"2026-03-01T05:00:43","date_gmt":"2026-03-01T05:00:43","guid":{"rendered":"https:\/\/geal.org.br\/juventude\/?p=2353"},"modified":"2026-02-27T20:22:57","modified_gmt":"2026-02-27T20:22:57","slug":"falando-de-amor","status":"publish","type":"post","link":"https:\/\/geal.org.br\/juventude\/?p=2353","title":{"rendered":"Falando de Amor"},"content":{"rendered":"<p><b>Autora:<\/b><span style=\"font-weight: 400;\"> Maria Dolores (esp\u00edrito)<\/span><\/p>\n<p>&nbsp;<\/p>\n<p><span style=\"font-weight: 400;\">Em se falando de amor,<\/span><\/p>\n<p><span style=\"font-weight: 400;\">Lembra a dura indiferen\u00e7a,<\/span><\/p>\n<p><span style=\"font-weight: 400;\">Quando a treva se condensa<\/span><\/p>\n<p><span style=\"font-weight: 400;\">Nas for\u00e7as da nega\u00e7\u00e3o;<\/span><\/p>\n<p><span style=\"font-weight: 400;\">Recorda a porta fechada,<\/span><\/p>\n<p><span style=\"font-weight: 400;\">O desprezo, a zombaria<\/span><\/p>\n<p><span style=\"font-weight: 400;\">De quem atravessa o dia<\/span><\/p>\n<p><span style=\"font-weight: 400;\">Com trancas no cora\u00e7\u00e3o.<\/span><\/p>\n<p><span style=\"font-weight: 400;\">*\u00a0<\/span><\/p>\n<p><span style=\"font-weight: 400;\">Por quem \u00e9s, alma querida,<\/span><\/p>\n<p><span style=\"font-weight: 400;\">Foge \u00e0 sombra que enregela,<\/span><\/p>\n<p><span style=\"font-weight: 400;\">Esparze a luz clara e bela<\/span><\/p>\n<p><span style=\"font-weight: 400;\">Que em ti seja paz e amor\u2026<\/span><\/p>\n<p><span style=\"font-weight: 400;\">T\u00e3o curta \u00e9 a vida na Terra,<\/span><\/p>\n<p><span style=\"font-weight: 400;\">Viajas no mundo apenas,<\/span><\/p>\n<p><span style=\"font-weight: 400;\">Semeia os dons que armazenas<\/span><\/p>\n<p><span style=\"font-weight: 400;\">E ampara seja a quem for.<\/span><\/p>\n<p><span style=\"font-weight: 400;\">*\u00a0<\/span><\/p>\n<p><span style=\"font-weight: 400;\">Olvida m\u00e1goas e afrontas,<\/span><\/p>\n<p><span style=\"font-weight: 400;\">A quem te fira, perdoa\u2026<\/span><\/p>\n<p><span style=\"font-weight: 400;\">Compadece-te e aben\u00e7oa<\/span><\/p>\n<p><span style=\"font-weight: 400;\">Mesmo se algu\u00e9m te maldiz;<\/span><\/p>\n<p><span style=\"font-weight: 400;\">De todas as criaturas,<\/span><\/p>\n<p><span style=\"font-weight: 400;\">Aquela que mais condena<\/span><\/p>\n<p><span style=\"font-weight: 400;\">\u00c9 a que merece mais pena<\/span><\/p>\n<p><span style=\"font-weight: 400;\">Por ser a mais infeliz.<\/span><\/p>\n<p><span style=\"font-weight: 400;\">*\u00a0<\/span><\/p>\n<p><span style=\"font-weight: 400;\">H\u00e1 muito pesar pelo mundo,<\/span><\/p>\n<p><span style=\"font-weight: 400;\">\u00c2nsia das horas perdidas,<\/span><\/p>\n<p><span style=\"font-weight: 400;\">Solid\u00e3o de muitas vidas<\/span><\/p>\n<p><span style=\"font-weight: 400;\">Que tanta ang\u00fastia cont\u00eam!\u2026<\/span><\/p>\n<p><span style=\"font-weight: 400;\">Alma boa que me escutas,<\/span><\/p>\n<p><span style=\"font-weight: 400;\">Na f\u00e9 que jamais se cansa,<\/span><\/p>\n<p><span style=\"font-weight: 400;\">S\u00ea a ben\u00e7\u00e3o da esperan\u00e7a<\/span><\/p>\n<p><span style=\"font-weight: 400;\">E a chama viva do bem!\u2026<\/span><\/p>\n<p>&nbsp;<\/p>\n<p><span style=\"font-weight: 400;\">Do livro\u00a0<\/span><i><span style=\"font-weight: 400;\">Seara de F\u00e9<\/span><\/i><span style=\"font-weight: 400;\">, obra medi\u00fanica psicografada pelo m\u00e9dium Francisco C\u00e2ndido Xavier.<\/span><\/p>\n<p>&nbsp;<\/p>\n","protected":false},"excerpt":{"rendered":"<p>Autora: Maria Dolores (esp\u00edrito) &nbsp; Em se falando de amor, Lembra a dura indiferen\u00e7a, Quando a treva se condensa Nas for\u00e7as da nega\u00e7\u00e3o; Recorda a porta fechada, O desprezo, a zombaria De quem atravessa o dia Com trancas no cora\u00e7\u00e3o. *\u00a0 Por quem \u00e9s, alma querida, Foge \u00e0 sombra que enregela, Esparze a luz clara &hellip; <\/p>\n<p class=\"link-more\"><a href=\"https:\/\/geal.org.br\/juventude\/?p=2353\" class=\"more-link\">Continue lendo<span class=\"screen-reader-text\"> &#8220;Falando de Amor&#8221;<\/span><\/a><\/p>\n","protected":false},"author":2,"featured_media":0,"comment_status":"closed","ping_status":"open","sticky":false,"template":"","format":"standard","meta":[],"categories":[5],"tags":[],"_links":{"self":[{"href":"https:\/\/geal.org.br\/juventude\/index.php?rest_route=\/wp\/v2\/posts\/2353"}],"collection":[{"href":"https:\/\/geal.org.br\/juventude\/index.php?rest_route=\/wp\/v2\/posts"}],"about":[{"href":"https:\/\/geal.org.br\/juventude\/index.php?rest_route=\/wp\/v2\/types\/post"}],"author":[{"embeddable":true,"href":"https:\/\/geal.org.br\/juventude\/index.php?rest_route=\/wp\/v2\/users\/2"}],"replies":[{"embeddable":true,"href":"https:\/\/geal.org.br\/juventude\/index.php?rest_route=%2Fwp%2Fv2%2Fcomments&post=2353"}],"version-history":[{"count":2,"href":"https:\/\/geal.org.br\/juventude\/index.php?rest_route=\/wp\/v2\/posts\/2353\/revisions"}],"predecessor-version":[{"id":2355,"href":"https:\/\/geal.org.br\/juventude\/index.php?rest_route=\/wp\/v2\/posts\/2353\/revisions\/2355"}],"wp:attachment":[{"href":"https:\/\/geal.org.br\/juventude\/index.php?rest_route=%2Fwp%2Fv2%2Fmedia&parent=2353"}],"wp:term":[{"taxonomy":"category","embeddable":true,"href":"https:\/\/geal.org.br\/juventude\/index.php?rest_route=%2Fwp%2Fv2%2Fcategories&post=2353"},{"taxonomy":"post_tag","embeddable":true,"href":"https:\/\/geal.org.br\/juventude\/index.php?rest_route=%2Fwp%2Fv2%2Ftags&post=2353"}],"curies":[{"name":"wp","href":"https:\/\/api.w.org\/{rel}","templated":true}]}}