{"id":2374,"date":"2026-04-01T14:39:38","date_gmt":"2026-04-01T14:39:38","guid":{"rendered":"https:\/\/geal.org.br\/juventude\/?p=2374"},"modified":"2026-04-01T14:40:19","modified_gmt":"2026-04-01T14:40:19","slug":"a-pascoa-na-visao-espirita","status":"publish","type":"post","link":"https:\/\/geal.org.br\/juventude\/?p=2374","title":{"rendered":"A P\u00e1scoa na vis\u00e3o Esp\u00edrita"},"content":{"rendered":"<p><span style=\"font-weight: 400;\">A gente est\u00e1 chegando perto de uma data muito conhecida: a P\u00e1scoa. Mas ser\u00e1 que sabemos mesmo o que ela significa? Antes de virar uma festa cheia de chocolates, coelhos e presentes, a P\u00e1scoa era uma celebra\u00e7\u00e3o judaica que lembrava a liberta\u00e7\u00e3o de um povo que viveu muito tempo em situa\u00e7\u00e3o de escravid\u00e3o. Ou seja, desde o come\u00e7o, a P\u00e1scoa fala sobre liberdade. A P\u00e1scoa tamb\u00e9m traz s\u00edmbolos fortes, como o cordeiro. Na tradi\u00e7\u00e3o judaica, ele era acolhido pela fam\u00edlia por alguns dias, convivendo de perto, criando la\u00e7os de afeto, quase como parte da casa. Na sexta-feira de P\u00e1scoa, era sacrificado, gerando uma experi\u00eancia de dor e perda. Essa experi\u00eancia carregava em si um aprendizado profundo: crescer espiritualmente envolve amor, entrega e, muitas vezes, ren\u00fancia. Quando pensamos em Jesus, esse s\u00edmbolo ganha ainda mais sentido. Ele tamb\u00e9m conviveu com seus disc\u00edpulos por tr\u00eas anos, criou la\u00e7os, ensinou pelo exemplo e pelo amor. E, assim como o cordeiro, foi entregue, mesmo sendo inocente. Por isso, muitas vezes \u00e9 chamado de \u201cCordeiro de Deus\u201d: aquele que ama at\u00e9 o fim, que n\u00e3o revida, que perdoa e que transforma a dor em caminho de liberta\u00e7\u00e3o. Mesmo sabendo que seria incompreendido, negado e tra\u00eddo, Jesus escolheu amar. Sua partida n\u00e3o foi um fim, mas um convite: entender que a vida continua e que o amor verdadeiro n\u00e3o acaba. Para o Espiritismo, a P\u00e1scoa pode ser vista como um s\u00edmbolo de transforma\u00e7\u00e3o interior. Libertar-se n\u00e3o \u00e9 s\u00f3 sair de uma pris\u00e3o f\u00edsica, mas tamb\u00e9m das nossas limita\u00e7\u00f5es, ego\u00edsmo, orgulho e medo. \u00c9 aprender a amar melhor, a perdoar e a confiar na vida espiritual. Talvez o maior sentido da P\u00e1scoa hoje seja esse: lembrar que todos n\u00f3s estamos em processo de crescimento e que sempre podemos recome\u00e7ar. E a\u00ed fica um convite: como voc\u00ea, enquanto jovem esp\u00edrita, pode viver uma P\u00e1scoa mais verdadeira? O que voc\u00ea precisa transformar dentro de si para dar um passo a mais na sua pr\u00f3pria liberta\u00e7\u00e3o? <\/span><\/p>\n<p>&nbsp;<\/p>\n<p><b>Texto adaptado do v\u00eddeo:<\/b><span style=\"font-weight: 400;\"> A P\u00e1scoa na vis\u00e3o Esp\u00edrita por Haroldo Dutra Dias &#8211; <\/span><a href=\"https:\/\/www.youtube.com\/watch?v=FNIKUM3TO0o\"><span style=\"font-weight: 400;\">https:\/\/www.youtube.com\/watch?v=FNIKUM3TO0o<\/span><\/a><span style=\"font-weight: 400;\"> acesso: 24\/03\/2026<\/span><\/p>\n","protected":false},"excerpt":{"rendered":"<p>A gente est\u00e1 chegando perto de uma data muito conhecida: a P\u00e1scoa. Mas ser\u00e1 que sabemos mesmo o que ela significa? Antes de virar uma festa cheia de chocolates, coelhos e presentes, a P\u00e1scoa era uma celebra\u00e7\u00e3o judaica que lembrava a liberta\u00e7\u00e3o de um povo que viveu muito tempo em situa\u00e7\u00e3o de escravid\u00e3o. Ou seja, &hellip; <\/p>\n<p class=\"link-more\"><a href=\"https:\/\/geal.org.br\/juventude\/?p=2374\" class=\"more-link\">Continue lendo<span class=\"screen-reader-text\"> &#8220;A P\u00e1scoa na vis\u00e3o Esp\u00edrita&#8221;<\/span><\/a><\/p>\n","protected":false},"author":2,"featured_media":0,"comment_status":"closed","ping_status":"open","sticky":false,"template":"","format":"standard","meta":[],"categories":[5],"tags":[],"_links":{"self":[{"href":"https:\/\/geal.org.br\/juventude\/index.php?rest_route=\/wp\/v2\/posts\/2374"}],"collection":[{"href":"https:\/\/geal.org.br\/juventude\/index.php?rest_route=\/wp\/v2\/posts"}],"about":[{"href":"https:\/\/geal.org.br\/juventude\/index.php?rest_route=\/wp\/v2\/types\/post"}],"author":[{"embeddable":true,"href":"https:\/\/geal.org.br\/juventude\/index.php?rest_route=\/wp\/v2\/users\/2"}],"replies":[{"embeddable":true,"href":"https:\/\/geal.org.br\/juventude\/index.php?rest_route=%2Fwp%2Fv2%2Fcomments&post=2374"}],"version-history":[{"count":2,"href":"https:\/\/geal.org.br\/juventude\/index.php?rest_route=\/wp\/v2\/posts\/2374\/revisions"}],"predecessor-version":[{"id":2376,"href":"https:\/\/geal.org.br\/juventude\/index.php?rest_route=\/wp\/v2\/posts\/2374\/revisions\/2376"}],"wp:attachment":[{"href":"https:\/\/geal.org.br\/juventude\/index.php?rest_route=%2Fwp%2Fv2%2Fmedia&parent=2374"}],"wp:term":[{"taxonomy":"category","embeddable":true,"href":"https:\/\/geal.org.br\/juventude\/index.php?rest_route=%2Fwp%2Fv2%2Fcategories&post=2374"},{"taxonomy":"post_tag","embeddable":true,"href":"https:\/\/geal.org.br\/juventude\/index.php?rest_route=%2Fwp%2Fv2%2Ftags&post=2374"}],"curies":[{"name":"wp","href":"https:\/\/api.w.org\/{rel}","templated":true}]}}