{"id":946,"date":"2017-03-02T21:02:57","date_gmt":"2017-03-02T21:02:57","guid":{"rendered":"http:\/\/geal.org.br\/juventude\/?p=946"},"modified":"2018-07-02T19:11:31","modified_gmt":"2018-07-02T19:11:31","slug":"livro-de-marco-2017","status":"publish","type":"post","link":"https:\/\/geal.org.br\/juventude\/?p=946","title":{"rendered":"LIVRO DE MAR\u00c7O &#8211; 2017"},"content":{"rendered":"<p align=\"center\"><strong><span style=\"color: #ff0000;\">E a Vida Continua&#8230;.<\/span><\/strong><\/p>\n<p align=\"center\"><strong><span style=\"color: #0000ff;\">Andr\u00e9 Luiz<\/span><\/strong><\/p>\n<p align=\"center\"><strong><span style=\"color: #0000ff;\">Psic. de F.C.Xavier<\/span><\/strong><\/p>\n<p>&nbsp;<\/p>\n<p>Ap\u00f3s descrever seu retorno \u00e0 p\u00e1tria espiritual e sua acolhida em Nosso Lar no livro que recebeu o nome desta col\u00f4nia espiritual, Andr\u00e9 Luiz seguiu descortinando para n\u00f3s suas experi\u00eancias na vida Maior, nos demais livros que se seguiram, utilizando-se de um teor romanceado.<\/p>\n<p>Com o livro \u201cE a vida continua&#8230;\u201d ele encerra este tipo de trabalho, em 1968, reverenciando o centen\u00e1rio do livro \u201cA G\u00eanese\u201d de Kardec. Desta vez, com uma particularidade especial ao n\u00e3o se inserir mais como coadjuvante da hist\u00f3ria. Descreve os intrincados enigmas que nos relaciona uns aos outros, atraindo-nos para os devidos reajustes com a lei de causa e efeito, atrav\u00e9s da hist\u00f3ria dos diversos personagens a que ele acompanhou as viv\u00eancias, sem relatar qualquer participa\u00e7\u00e3o direta.<\/p>\n<p>Trouxe-nos, com isso, exemplos claros de que estamos encarnados para cooperar com o progresso uns dos outros, lei divina a que estamos todos sujeitos. E, se podemos enquanto encarnados, ludibriar as leis humanas, as leis divinas continuar\u00e3o definindo os nossos destinos at\u00e9 nos darmos conta de que, somente quando nos decidirmos por tom\u00e1-las como referencial para todas as nossas escolhas \u00e9 que encontraremos a verdadeira liberdade.<\/p>\n","protected":false},"excerpt":{"rendered":"<p>E a Vida Continua&#8230;. Andr\u00e9 Luiz Psic. de F.C.Xavier &nbsp; Ap\u00f3s descrever seu retorno \u00e0 p\u00e1tria espiritual e sua acolhida em Nosso Lar no livro que recebeu o nome desta col\u00f4nia espiritual, Andr\u00e9 Luiz seguiu descortinando para n\u00f3s suas experi\u00eancias na vida Maior, nos demais livros que se seguiram, utilizando-se de um teor romanceado. Com &hellip; <\/p>\n<p class=\"link-more\"><a href=\"https:\/\/geal.org.br\/juventude\/?p=946\" class=\"more-link\">Continue lendo<span class=\"screen-reader-text\"> &#8220;LIVRO DE MAR\u00c7O &#8211; 2017&#8221;<\/span><\/a><\/p>\n","protected":false},"author":1,"featured_media":0,"comment_status":"closed","ping_status":"open","sticky":false,"template":"","format":"standard","meta":[],"categories":[5],"tags":[],"_links":{"self":[{"href":"https:\/\/geal.org.br\/juventude\/index.php?rest_route=\/wp\/v2\/posts\/946"}],"collection":[{"href":"https:\/\/geal.org.br\/juventude\/index.php?rest_route=\/wp\/v2\/posts"}],"about":[{"href":"https:\/\/geal.org.br\/juventude\/index.php?rest_route=\/wp\/v2\/types\/post"}],"author":[{"embeddable":true,"href":"https:\/\/geal.org.br\/juventude\/index.php?rest_route=\/wp\/v2\/users\/1"}],"replies":[{"embeddable":true,"href":"https:\/\/geal.org.br\/juventude\/index.php?rest_route=%2Fwp%2Fv2%2Fcomments&post=946"}],"version-history":[{"count":1,"href":"https:\/\/geal.org.br\/juventude\/index.php?rest_route=\/wp\/v2\/posts\/946\/revisions"}],"predecessor-version":[{"id":1152,"href":"https:\/\/geal.org.br\/juventude\/index.php?rest_route=\/wp\/v2\/posts\/946\/revisions\/1152"}],"wp:attachment":[{"href":"https:\/\/geal.org.br\/juventude\/index.php?rest_route=%2Fwp%2Fv2%2Fmedia&parent=946"}],"wp:term":[{"taxonomy":"category","embeddable":true,"href":"https:\/\/geal.org.br\/juventude\/index.php?rest_route=%2Fwp%2Fv2%2Fcategories&post=946"},{"taxonomy":"post_tag","embeddable":true,"href":"https:\/\/geal.org.br\/juventude\/index.php?rest_route=%2Fwp%2Fv2%2Ftags&post=946"}],"curies":[{"name":"wp","href":"https:\/\/api.w.org\/{rel}","templated":true}]}}