{"id":948,"date":"2017-03-02T21:05:10","date_gmt":"2017-03-02T21:05:10","guid":{"rendered":"http:\/\/geal.org.br\/juventude\/?p=948"},"modified":"2018-07-02T19:11:31","modified_gmt":"2018-07-02T19:11:31","slug":"a-vida-no-alem","status":"publish","type":"post","link":"https:\/\/geal.org.br\/juventude\/?p=948","title":{"rendered":"A VIDA NO AL\u00c9M"},"content":{"rendered":"<p>\u201c[&#8230;] os planos de viv\u00eancia para os habitan\u00adtes do Al\u00e9m se personalizam de m\u00faltiplos modos, e a vida para cada um se especifica invariavelmente, segun\u00addo a condi\u00e7\u00e3o mental em que se coloque.<\/p>\n<p>Compreens\u00edvel &#8211; que assim seja.<\/p>\n<p>Quanto maior a cultura de um Esp\u00edrito encarnado, mais dolorosos se lhe mostrar\u00e3o os resultados da perda de tempo. Quanto mais rebelde a criatura perante a Verdade, mais aflitivas se lhe revelar\u00e3o as consequ\u00eancias da pr\u00f3pria teimosia.<\/p>\n<p>Al\u00e9m disso, temos a observar que a sociedade, para l\u00e1 da morte, carrega consigo os reflexos dos h\u00e1bitos a que se afei\u00e7oava no mundo.<\/p>\n<p>Os desencarnados de uma cidade asi\u00e1tica n\u00e3o en\u00adcontram, de imediato, os costumes e edifica\u00e7\u00f5es de uma cidade ocidental e vice-versa.<\/p>\n<p>Nenhuma constru\u00e7\u00e3o digna se efetua sem a coope\u00adra\u00e7\u00e3o do servi\u00e7o e do tempo, de vez que a precipita\u00e7\u00e3o ou a viol\u00eancia n\u00e3o constam dos Planos Divinos que su\u00adpervisionam o Universo.\u201d<\/p>\n<p align=\"right\">\u00a0(Emmanuel \u2013 pref\u00e1cio do livro do m\u00eas)<\/p>\n","protected":false},"excerpt":{"rendered":"<p>\u201c[&#8230;] os planos de viv\u00eancia para os habitan\u00adtes do Al\u00e9m se personalizam de m\u00faltiplos modos, e a vida para cada um se especifica invariavelmente, segun\u00addo a condi\u00e7\u00e3o mental em que se coloque. Compreens\u00edvel &#8211; que assim seja. Quanto maior a cultura de um Esp\u00edrito encarnado, mais dolorosos se lhe mostrar\u00e3o os resultados da perda de &hellip; <\/p>\n<p class=\"link-more\"><a href=\"https:\/\/geal.org.br\/juventude\/?p=948\" class=\"more-link\">Continue lendo<span class=\"screen-reader-text\"> &#8220;A VIDA NO AL\u00c9M&#8221;<\/span><\/a><\/p>\n","protected":false},"author":1,"featured_media":0,"comment_status":"closed","ping_status":"open","sticky":false,"template":"","format":"standard","meta":[],"categories":[5],"tags":[],"_links":{"self":[{"href":"https:\/\/geal.org.br\/juventude\/index.php?rest_route=\/wp\/v2\/posts\/948"}],"collection":[{"href":"https:\/\/geal.org.br\/juventude\/index.php?rest_route=\/wp\/v2\/posts"}],"about":[{"href":"https:\/\/geal.org.br\/juventude\/index.php?rest_route=\/wp\/v2\/types\/post"}],"author":[{"embeddable":true,"href":"https:\/\/geal.org.br\/juventude\/index.php?rest_route=\/wp\/v2\/users\/1"}],"replies":[{"embeddable":true,"href":"https:\/\/geal.org.br\/juventude\/index.php?rest_route=%2Fwp%2Fv2%2Fcomments&post=948"}],"version-history":[{"count":1,"href":"https:\/\/geal.org.br\/juventude\/index.php?rest_route=\/wp\/v2\/posts\/948\/revisions"}],"predecessor-version":[{"id":1151,"href":"https:\/\/geal.org.br\/juventude\/index.php?rest_route=\/wp\/v2\/posts\/948\/revisions\/1151"}],"wp:attachment":[{"href":"https:\/\/geal.org.br\/juventude\/index.php?rest_route=%2Fwp%2Fv2%2Fmedia&parent=948"}],"wp:term":[{"taxonomy":"category","embeddable":true,"href":"https:\/\/geal.org.br\/juventude\/index.php?rest_route=%2Fwp%2Fv2%2Fcategories&post=948"},{"taxonomy":"post_tag","embeddable":true,"href":"https:\/\/geal.org.br\/juventude\/index.php?rest_route=%2Fwp%2Fv2%2Ftags&post=948"}],"curies":[{"name":"wp","href":"https:\/\/api.w.org\/{rel}","templated":true}]}}