{"id":953,"date":"2017-04-26T17:06:57","date_gmt":"2017-04-26T17:06:57","guid":{"rendered":"http:\/\/geal.org.br\/juventude\/?p=953"},"modified":"2018-07-02T19:11:31","modified_gmt":"2018-07-02T19:11:31","slug":"adolescencia-e-vida","status":"publish","type":"post","link":"https:\/\/geal.org.br\/juventude\/?p=953","title":{"rendered":"ADOLESC\u00caNCIA E VIDA"},"content":{"rendered":"<p>\u00c1 medida que a Ci\u00eancia e a tecnologia ampliaram os horizontes do conhecimento humano, proporcionando comodidades e realiza\u00e7\u00f5es edificantes que favorecem o desenvolvimento da vida, v\u00eam surgindo audaciosos conceitos comportamentais que pretendem dar novo sentido \u00e0 exist\u00eancia humana, consequentemente derrapando em abusos intoler\u00e1veis que conspiram contra o desenvolvimento moral e \u00e9tico da sociedade.<\/p>\n<p>Nesse sentido, as grandes v\u00edtimas da ocorr\u00eancia s\u00e3o os jovens que, imaturos, se deixam atrair pelos disparates das sensa\u00e7\u00f5es prim\u00e1rias, comprometendo a exist\u00eancia planet\u00e1ria, as vezes, de forma irrevers\u00edvel.<\/p>\n<p>Dominados pelos impulsos naturais do desenvolvimento f\u00edsico antes do mesmo fen\u00f4meno na \u00e1rea emocional encontram, nas dissipa\u00e7\u00f5es que se permitem, express\u00f5es vigorosas de prazer que os anestesiam ou os excitam at\u00e9 \u00e0 exaust\u00e3o, levando-os ao desequil\u00edbrio e ao desespero. Quando cansados ou inquietos tentam fugir da situa\u00e7\u00e3o, quase sempre enveredando pelo abuso do sexo e das drogas, que se associam em descalabro cruel, gerando sofrimentos inqualific\u00e1veis.<\/p>\n<p>O \u00fanico ant\u00eddoto, por\u00e9m, ao mal que se agrava e se irradia em cont\u00e1gio pernicioso, \u00e9 a educa\u00e7\u00e3o. Consideramos, por\u00e9m, a educa\u00e7\u00e3o no seu sentido global, aquela que vai al\u00e9m dos comp\u00eandios escolares, que reune os valores \u00e9ticos da fam\u00edlia, da sociedade e da religi\u00e3o. N\u00e3o por\u00e9m de uma religi\u00e3o convencional, e sim, que possua fundamentos cient\u00edficos e filos\u00f3ficos existenciais estribados na moral vivida e ensinada por Jesus.<\/p>\n<p align=\"right\"><span style=\"color: #ff0000;\"><strong>(Joanna de \u00c2ngelis no livro Adolesc\u00eancia e Vida)<\/strong><\/span><\/p>\n","protected":false},"excerpt":{"rendered":"<p>\u00c1 medida que a Ci\u00eancia e a tecnologia ampliaram os horizontes do conhecimento humano, proporcionando comodidades e realiza\u00e7\u00f5es edificantes que favorecem o desenvolvimento da vida, v\u00eam surgindo audaciosos conceitos comportamentais que pretendem dar novo sentido \u00e0 exist\u00eancia humana, consequentemente derrapando em abusos intoler\u00e1veis que conspiram contra o desenvolvimento moral e \u00e9tico da sociedade. Nesse sentido, &hellip; <\/p>\n<p class=\"link-more\"><a href=\"https:\/\/geal.org.br\/juventude\/?p=953\" class=\"more-link\">Continue lendo<span class=\"screen-reader-text\"> &#8220;ADOLESC\u00caNCIA E VIDA&#8221;<\/span><\/a><\/p>\n","protected":false},"author":1,"featured_media":0,"comment_status":"closed","ping_status":"open","sticky":false,"template":"","format":"standard","meta":[],"categories":[5],"tags":[],"_links":{"self":[{"href":"https:\/\/geal.org.br\/juventude\/index.php?rest_route=\/wp\/v2\/posts\/953"}],"collection":[{"href":"https:\/\/geal.org.br\/juventude\/index.php?rest_route=\/wp\/v2\/posts"}],"about":[{"href":"https:\/\/geal.org.br\/juventude\/index.php?rest_route=\/wp\/v2\/types\/post"}],"author":[{"embeddable":true,"href":"https:\/\/geal.org.br\/juventude\/index.php?rest_route=\/wp\/v2\/users\/1"}],"replies":[{"embeddable":true,"href":"https:\/\/geal.org.br\/juventude\/index.php?rest_route=%2Fwp%2Fv2%2Fcomments&post=953"}],"version-history":[{"count":1,"href":"https:\/\/geal.org.br\/juventude\/index.php?rest_route=\/wp\/v2\/posts\/953\/revisions"}],"predecessor-version":[{"id":1149,"href":"https:\/\/geal.org.br\/juventude\/index.php?rest_route=\/wp\/v2\/posts\/953\/revisions\/1149"}],"wp:attachment":[{"href":"https:\/\/geal.org.br\/juventude\/index.php?rest_route=%2Fwp%2Fv2%2Fmedia&parent=953"}],"wp:term":[{"taxonomy":"category","embeddable":true,"href":"https:\/\/geal.org.br\/juventude\/index.php?rest_route=%2Fwp%2Fv2%2Fcategories&post=953"},{"taxonomy":"post_tag","embeddable":true,"href":"https:\/\/geal.org.br\/juventude\/index.php?rest_route=%2Fwp%2Fv2%2Ftags&post=953"}],"curies":[{"name":"wp","href":"https:\/\/api.w.org\/{rel}","templated":true}]}}