{"id":988,"date":"2017-06-01T00:59:57","date_gmt":"2017-06-01T00:59:57","guid":{"rendered":"http:\/\/geal.org.br\/juventude\/?p=988"},"modified":"2018-07-02T19:11:31","modified_gmt":"2018-07-02T19:11:31","slug":"o-adolescente-e-a-religiao","status":"publish","type":"post","link":"https:\/\/geal.org.br\/juventude\/?p=988","title":{"rendered":"O Adolescente e a Religi\u00e3o"},"content":{"rendered":"<p>A religi\u00e3o desempenha um papel importante na forma\u00e7\u00e3o moral e cultural do adolescente, por propiciar-lhe a vis\u00e3o da imortalidade, dilatando-lhe a compreens\u00e3o em torno da realidade da vida e dos seus objetivos essenciais.<\/p>\n<p>A religi\u00e3o \u00e9 portadora de significativa contribui\u00e7\u00e3o \u00e9tica e espiritual no desenvolvimento do car\u00e1ter e na afirma\u00e7\u00e3o da personalidade do jovem em desenvolvimento.<\/p>\n<p>Atrav\u00e9s dos seus postulados b\u00e1sicos, o educando nela haure a consci\u00eancia de si e o come\u00e7o do amadurecimento dos valores significativos, que se lhe incorporar\u00e3o em definitivo, estabelecendo-lhe paradigmas de comportamento para toda a exist\u00eancia. Mesmo quando, na fase adulta, por esta ou aquela raz\u00e3o, a religi\u00e3o \u00e9 contestada, ou colocada em plano secund\u00e1rio, ou mesmo combatida, nos alicerces do inconsciente permanecem os seus paradigmas que, de uma ou outra forma, conduzem o indiv\u00edduo nos momentos de decis\u00e3o significativa ou quando necessita mudar de rumo, ressurgindo informa\u00e7\u00f5es arquivadas que contribuir\u00e3o para a decis\u00e3o mais feliz.<\/p>\n<p>Na adolesc\u00eancia, os ideais est\u00e3o em desabrochamento, abrindo campo para os postulados religiosos que, bem direcionados, norteiam com seguran\u00e7a os passos juvenis, poupando o iniciante nas experi\u00eancias humanas a muitos dissabores e insucessos nas diferentes \u00e1reas do comportamento, incluindo aquele de natureza sexual.<\/p>\n<p>&nbsp;<\/p>\n<p><b>\u00a0(Joanna de \u00c2ngelis no livro Adolesc\u00eancia e Vida \u2013 pisc. Divaldo P. Franco)<\/b><\/p>\n","protected":false},"excerpt":{"rendered":"<p>A religi\u00e3o desempenha um papel importante na forma\u00e7\u00e3o moral e cultural do adolescente, por propiciar-lhe a vis\u00e3o da imortalidade, dilatando-lhe a compreens\u00e3o em torno da realidade da vida e dos seus objetivos essenciais. A religi\u00e3o \u00e9 portadora de significativa contribui\u00e7\u00e3o \u00e9tica e espiritual no desenvolvimento do car\u00e1ter e na afirma\u00e7\u00e3o da personalidade do jovem em &hellip; <\/p>\n<p class=\"link-more\"><a href=\"https:\/\/geal.org.br\/juventude\/?p=988\" class=\"more-link\">Continue lendo<span class=\"screen-reader-text\"> &#8220;O Adolescente e a Religi\u00e3o&#8221;<\/span><\/a><\/p>\n","protected":false},"author":1,"featured_media":0,"comment_status":"closed","ping_status":"open","sticky":false,"template":"","format":"standard","meta":[],"categories":[5],"tags":[],"_links":{"self":[{"href":"https:\/\/geal.org.br\/juventude\/index.php?rest_route=\/wp\/v2\/posts\/988"}],"collection":[{"href":"https:\/\/geal.org.br\/juventude\/index.php?rest_route=\/wp\/v2\/posts"}],"about":[{"href":"https:\/\/geal.org.br\/juventude\/index.php?rest_route=\/wp\/v2\/types\/post"}],"author":[{"embeddable":true,"href":"https:\/\/geal.org.br\/juventude\/index.php?rest_route=\/wp\/v2\/users\/1"}],"replies":[{"embeddable":true,"href":"https:\/\/geal.org.br\/juventude\/index.php?rest_route=%2Fwp%2Fv2%2Fcomments&post=988"}],"version-history":[{"count":1,"href":"https:\/\/geal.org.br\/juventude\/index.php?rest_route=\/wp\/v2\/posts\/988\/revisions"}],"predecessor-version":[{"id":1148,"href":"https:\/\/geal.org.br\/juventude\/index.php?rest_route=\/wp\/v2\/posts\/988\/revisions\/1148"}],"wp:attachment":[{"href":"https:\/\/geal.org.br\/juventude\/index.php?rest_route=%2Fwp%2Fv2%2Fmedia&parent=988"}],"wp:term":[{"taxonomy":"category","embeddable":true,"href":"https:\/\/geal.org.br\/juventude\/index.php?rest_route=%2Fwp%2Fv2%2Fcategories&post=988"},{"taxonomy":"post_tag","embeddable":true,"href":"https:\/\/geal.org.br\/juventude\/index.php?rest_route=%2Fwp%2Fv2%2Ftags&post=988"}],"curies":[{"name":"wp","href":"https:\/\/api.w.org\/{rel}","templated":true}]}}