{"id":994,"date":"2017-07-04T02:20:30","date_gmt":"2017-07-04T02:20:30","guid":{"rendered":"http:\/\/geal.org.br\/juventude\/?p=994"},"modified":"2018-07-02T19:11:30","modified_gmt":"2018-07-02T19:11:30","slug":"livro-de-julho-2017","status":"publish","type":"post","link":"https:\/\/geal.org.br\/juventude\/?p=994","title":{"rendered":"LIVRO DE JULHO &#8211; 2017"},"content":{"rendered":"<p align=\"center\"><span style=\"color: #ff0000;\"><strong>VIVER \u00c9 A MELHOR OP\u00c7\u00c3O<\/strong><\/span><\/p>\n<p align=\"center\"><span style=\"color: #0000ff;\"><strong>Andr\u00e9 Trigueiro<\/strong><\/span><\/p>\n<p style=\"text-align: left;\" align=\"center\"><span style=\"font-weight: 300;\">Diz o autor sobre o seu livro:<\/span><\/p>\n<p><i>\u201cH\u00e1 momentos na vida em que muitos de n\u00f3s perdemos a coragem de seguir em frente. Essa situa\u00e7\u00e3o \u00e9 mais frequente do que se imagina.<\/i><\/p>\n<p><i>Em casos extremos, o des\u00e2nimo, a melancolia ou a depress\u00e3o podem precipitar a ideia do suic\u00eddio, um problema de sa\u00fade p\u00fablica no Brasil e no mundo.<\/i><\/p>\n<p><i>O sil\u00eancio em torno do assunto \u2013 um abomin\u00e1vel tabu \u2013 s\u00f3 agrava a situa\u00e7\u00e3o.<\/i><\/p>\n<p><i>A pr\u00f3pria Organiza\u00e7\u00e3o Mundial de Sa\u00fade vem defendendo a comunica\u00e7\u00e3o aberta e respons\u00e1vel como medida eficaz de preven\u00e7\u00e3o.<\/i><\/p>\n<p><i>\u00c9 sabido que a informa\u00e7\u00e3o cumpre uma fun\u00e7\u00e3o estrat\u00e9gica na preven\u00e7\u00e3o dos mais variados tipos de males e doen\u00e7as. Isso tamb\u00e9m vale para o suic\u00eddio.<\/i><\/p>\n<p><i>Uma das descobertas mais importantes \u2013 e desconhecidas \u2013 da ci\u00eancia m\u00e9dica d\u00e1 conta de que o suic\u00eddio \u00e9 preven\u00edvel em 90% dos casos, por estar associado a psicopatologias diagnostic\u00e1veis e trat\u00e1veis.<\/i><\/p>\n<p><i>Falar de suic\u00eddio, portanto, pode salvar vidas. \u00c9 o que se deseja com este livro\u201d<\/i>.<\/p>\n<p>Fica, assim, a sugest\u00e3o. Por que n\u00e3o procurarmos nos esclarecer melhor? Ou achamos que este problema pode estar muito distante de nossa realidade?<\/p>\n","protected":false},"excerpt":{"rendered":"<p>VIVER \u00c9 A MELHOR OP\u00c7\u00c3O Andr\u00e9 Trigueiro Diz o autor sobre o seu livro: \u201cH\u00e1 momentos na vida em que muitos de n\u00f3s perdemos a coragem de seguir em frente. Essa situa\u00e7\u00e3o \u00e9 mais frequente do que se imagina. Em casos extremos, o des\u00e2nimo, a melancolia ou a depress\u00e3o podem precipitar a ideia do suic\u00eddio, &hellip; <\/p>\n<p class=\"link-more\"><a href=\"https:\/\/geal.org.br\/juventude\/?p=994\" class=\"more-link\">Continue lendo<span class=\"screen-reader-text\"> &#8220;LIVRO DE JULHO &#8211; 2017&#8221;<\/span><\/a><\/p>\n","protected":false},"author":1,"featured_media":0,"comment_status":"closed","ping_status":"open","sticky":false,"template":"","format":"standard","meta":[],"categories":[5],"tags":[],"_links":{"self":[{"href":"https:\/\/geal.org.br\/juventude\/index.php?rest_route=\/wp\/v2\/posts\/994"}],"collection":[{"href":"https:\/\/geal.org.br\/juventude\/index.php?rest_route=\/wp\/v2\/posts"}],"about":[{"href":"https:\/\/geal.org.br\/juventude\/index.php?rest_route=\/wp\/v2\/types\/post"}],"author":[{"embeddable":true,"href":"https:\/\/geal.org.br\/juventude\/index.php?rest_route=\/wp\/v2\/users\/1"}],"replies":[{"embeddable":true,"href":"https:\/\/geal.org.br\/juventude\/index.php?rest_route=%2Fwp%2Fv2%2Fcomments&post=994"}],"version-history":[{"count":1,"href":"https:\/\/geal.org.br\/juventude\/index.php?rest_route=\/wp\/v2\/posts\/994\/revisions"}],"predecessor-version":[{"id":1147,"href":"https:\/\/geal.org.br\/juventude\/index.php?rest_route=\/wp\/v2\/posts\/994\/revisions\/1147"}],"wp:attachment":[{"href":"https:\/\/geal.org.br\/juventude\/index.php?rest_route=%2Fwp%2Fv2%2Fmedia&parent=994"}],"wp:term":[{"taxonomy":"category","embeddable":true,"href":"https:\/\/geal.org.br\/juventude\/index.php?rest_route=%2Fwp%2Fv2%2Fcategories&post=994"},{"taxonomy":"post_tag","embeddable":true,"href":"https:\/\/geal.org.br\/juventude\/index.php?rest_route=%2Fwp%2Fv2%2Ftags&post=994"}],"curies":[{"name":"wp","href":"https:\/\/api.w.org\/{rel}","templated":true}]}}