{"id":996,"date":"2017-07-04T02:21:11","date_gmt":"2017-07-04T02:21:11","guid":{"rendered":"http:\/\/geal.org.br\/juventude\/?p=996"},"modified":"2018-07-02T19:11:30","modified_gmt":"2018-07-02T19:11:30","slug":"como-os-espiritas-lidam-com-o-suicidio-2","status":"publish","type":"post","link":"https:\/\/geal.org.br\/juventude\/?p=996","title":{"rendered":"Como os esp\u00edritas lidam com o suic\u00eddio?"},"content":{"rendered":"<p>Ao analisarmos o problema do suic\u00eddio, importa diferenciar o ato em si de quem o pratica. O suic\u00eddio \u00e9 conden\u00e1vel sob qualquer aspecto ou pretexto. Se temos conhecimento da realidade hostil que aguarda o suicida no plano espiritual, n\u00e3o devemos economizar esfor\u00e7os para apoiar toda e qualquer iniciativa em favor da preven\u00e7\u00e3o do auto-exterm\u00ednio, dentro e fora do movimento esp\u00edrita. Se a doutrina possui um vasto repert\u00f3rio de informa\u00e7\u00f5es que nos ajudam a construir uma convic\u00e7\u00e3o a respeito do assunto, n\u00e3o h\u00e1 por que postergar a a\u00e7\u00e3o preventiva.<\/p>\n<p>(&#8230;) A imensa dor que leva uma pessoa a buscar no suic\u00eddio uma solu\u00e7\u00e3o merece de nossa parte aten\u00e7\u00e3o e respeito.<\/p>\n<p>Como o espiritismo n\u00e3o admite penas eternas, todos temos a chance aben\u00e7oada de nos recuperarmos e anularmos totalmente os efeitos negativos do ato suicida. Qual de n\u00f3s j\u00e1 n\u00e3o ter\u00e1 passado pelo mesmo infort\u00fanio nesta ou em outras vidas? Se conseguimos nos reerguer e seguir em frente n\u00e3o foi por que algu\u00e9m nos acusou, ofendeu ou julgou. Foi porque algu\u00e9m nos estendeu a m\u00e3o, de forma solid\u00e1ria e amorosa. Essa rede de apoios \u00e9 fundamental para que o suicida recupere a autoestima e d\u00ea o primeiro passo na dire\u00e7\u00e3o certa. Mais amor crist\u00e3o e menos preconceito. Caridade em lugar da condena\u00e7\u00e3o sum\u00e1ria. \u00c9 o que se espera dos seguidores do espiritismo.\u201d<\/p>\n<p align=\"right\">(Andr\u00e9 Trigueiro \u2013 livro do m\u00eas)<\/p>\n","protected":false},"excerpt":{"rendered":"<p>Ao analisarmos o problema do suic\u00eddio, importa diferenciar o ato em si de quem o pratica. O suic\u00eddio \u00e9 conden\u00e1vel sob qualquer aspecto ou pretexto. Se temos conhecimento da realidade hostil que aguarda o suicida no plano espiritual, n\u00e3o devemos economizar esfor\u00e7os para apoiar toda e qualquer iniciativa em favor da preven\u00e7\u00e3o do auto-exterm\u00ednio, dentro &hellip; <\/p>\n<p class=\"link-more\"><a href=\"https:\/\/geal.org.br\/juventude\/?p=996\" class=\"more-link\">Continue lendo<span class=\"screen-reader-text\"> &#8220;Como os esp\u00edritas lidam com o suic\u00eddio?&#8221;<\/span><\/a><\/p>\n","protected":false},"author":1,"featured_media":0,"comment_status":"closed","ping_status":"open","sticky":false,"template":"","format":"standard","meta":[],"categories":[5],"tags":[],"_links":{"self":[{"href":"https:\/\/geal.org.br\/juventude\/index.php?rest_route=\/wp\/v2\/posts\/996"}],"collection":[{"href":"https:\/\/geal.org.br\/juventude\/index.php?rest_route=\/wp\/v2\/posts"}],"about":[{"href":"https:\/\/geal.org.br\/juventude\/index.php?rest_route=\/wp\/v2\/types\/post"}],"author":[{"embeddable":true,"href":"https:\/\/geal.org.br\/juventude\/index.php?rest_route=\/wp\/v2\/users\/1"}],"replies":[{"embeddable":true,"href":"https:\/\/geal.org.br\/juventude\/index.php?rest_route=%2Fwp%2Fv2%2Fcomments&post=996"}],"version-history":[{"count":1,"href":"https:\/\/geal.org.br\/juventude\/index.php?rest_route=\/wp\/v2\/posts\/996\/revisions"}],"predecessor-version":[{"id":1146,"href":"https:\/\/geal.org.br\/juventude\/index.php?rest_route=\/wp\/v2\/posts\/996\/revisions\/1146"}],"wp:attachment":[{"href":"https:\/\/geal.org.br\/juventude\/index.php?rest_route=%2Fwp%2Fv2%2Fmedia&parent=996"}],"wp:term":[{"taxonomy":"category","embeddable":true,"href":"https:\/\/geal.org.br\/juventude\/index.php?rest_route=%2Fwp%2Fv2%2Fcategories&post=996"},{"taxonomy":"post_tag","embeddable":true,"href":"https:\/\/geal.org.br\/juventude\/index.php?rest_route=%2Fwp%2Fv2%2Ftags&post=996"}],"curies":[{"name":"wp","href":"https:\/\/api.w.org\/{rel}","templated":true}]}}